{"id":441366,"date":"2021-02-10T09:59:46","date_gmt":"2021-02-10T08:59:46","guid":{"rendered":"https:\/\/pulse.microsoft.com\/?p=441366"},"modified":"2021-02-10T14:20:46","modified_gmt":"2021-02-10T13:20:46","slug":"fa1-skanska-ey-doberman-och-combient-i-panelsamtal-om-hur-samarbeten-kan-driva-innovation","status":"publish","type":"post","link":"https:\/\/pulse.microsoft.com\/sv-se\/work-productivity-sv-se\/na\/fa1-skanska-ey-doberman-och-combient-i-panelsamtal-om-hur-samarbeten-kan-driva-innovation\/","title":{"rendered":"Skanska, EY Doberman och Combient i panelsamtal om hur samarbeten kan driva innovation"},"content":{"rendered":"<p class=\"intro\">Sverige\u202fplacerar\u202fsig\u202fofta\u202fh\u00f6gt\u202fupp\u202fp\u00e5\u202flistor\u202f\u00f6ver\u202fl\u00e4nder\u202fmed\u202fh\u00f6g\u202finnovationsgrad,\u202fmycket tack vare de satsningar som gjort inom digitaliseringen. Men vad kr\u00e4vs f\u00f6r att vi ska forts\u00e4tta driva innovation fram\u00e5t och vilka samarbeten beh\u00f6ver initieras? Den 18 februari diskuterar Skanska, EY Doberman och Combient ekosystem och innovation.<\/p>\n<p>F\u00f6r att skapa och driva den transformation samh\u00e4llet och m\u00e5nga branscher st\u00e5r inf\u00f6r beh\u00f6ver f\u00f6retag och organisationer hitta nya ytor f\u00f6r samarbeten. Ov\u00e4ntade m\u00f6ten f\u00f6der innovation, men hur skapar vi gr\u00e4ns\u00f6verskridande samarbeten mellan exempelvis konkurrerande bolag? Vilka samarbeten kan ge Sveriges innovation den viktiga knuff fram\u00e5t, som beh\u00f6vs f\u00f6r att ta n\u00e4sta steg?<\/p>\n<p>Dessa och andra fr\u00e5gor kommer diskuteras i Microsofts paneldiskussion \u201dEkosystem f\u00f6r innovation \u2013 ensam \u00e4r inte stark\u201d p\u00e5 Framtidsarenan den 18 februari. Panelen best\u00e5r av Lotta Wibeck, Digitalization Program Lead p\u00e5 Skanska, Klara Leander, Business Director p\u00e5 EY Doberman, och Jenny Lundgren, kommunikationschef p\u00e5 Combient.<\/p>\n<p>\u2013 Vi beh\u00f6ver skapa nya ekosystem och hitta nya v\u00e4gar f\u00f6r samverkan kring data, processer och delning av erfarenheter. Det \u00e4r tydligt att ensam inte \u00e4r stark och f\u00f6r att Sverige fortsatt ska utm\u00e4rka sig som innovationsland kr\u00e4vs nya, ov\u00e4ntade samarbeten. B\u00e5de mellan privata f\u00f6retag, startup-bolag och offentliga organisationer. P\u00e5 Framtidsarenan diskuterar vi vad som bygger framg\u00e5ngsrika koalitioner och konkretiserar hur man kan jobba med de h\u00e4r fr\u00e5gorna, s\u00e4ger Helena Fuchs, moderator och aff\u00e4rsomr\u00e5deschef Dynamics 365 p\u00e5 Microsoft Sverige.<\/p>\n<p>Paneldiskussionen \u201dEkosystem f\u00f6r innovation \u2013 ensam \u00e4r inte stark\u201d s\u00e4nds live p\u00e5 Framtidsarenans hemsida onsdagen den 18 februari kl. 10:00. L\u00e4s mer p\u00e5 hemsidan <a href=\"http:\/\/www.framtidsarenan.se\">h\u00e4r<\/a>.<\/p>\n<p>&nbsp;<\/p>\n<h2>Om Framtidsarenan<\/h2>\n<p>Framtidsarenan \u00e4r en digital plattform f\u00f6r samtal om Sveriges framtid. H\u00e4r m\u00f6ts organisationer, f\u00f6retag, partier och andra samh\u00e4llsakt\u00f6rer som vill diskutera framtidens utmaningar och m\u00f6jligheter.<\/p>\n<p>Framtidsarenan arrangeras av Microsoft Sverige, Hill+Knowlton Strategies och Rodolfo. L\u00e4s mer p\u00e5 <a href=\"http:\/\/www.framtidsarenan.se\">www.framtidsarenan.se<\/a>.<\/p>\n","protected":false},"excerpt":{"rendered":"<p>Sverige\u202fplacerar\u202fsig\u202fofta\u202fh\u00f6gt\u202fupp\u202fp\u00e5\u202flistor\u202f\u00f6ver\u202fl\u00e4nder\u202fmed\u202fh\u00f6g\u202finnovationsgrad,\u202fmycket tack vare de satsningar som gjort inom digitaliseringen. Men vad kr\u00e4vs f\u00f6r att vi ska forts\u00e4tta driva innovation fram\u00e5t och vilka samarbeten beh\u00f6ver initieras? Den 18 februari diskuterar Skanska, EY Doberman och Combient ekosystem och innovation. F\u00f6r att skapa och driva den transformation samh\u00e4llet och m\u00e5nga branscher st\u00e5r inf\u00f6r beh\u00f6ver f\u00f6retag och organisationer hitta [&hellip;]<\/p>\n","protected":false},"author":791,"featured_media":440832,"comment_status":"closed","ping_status":"closed","sticky":false,"template":"","format":"standard","meta":{"footnotes":""},"categories":[1909],"class_list":["post-441366","post","type-post","status-publish","format-standard","has-post-thumbnail","hentry","category-digital-transformation-sv-se","specials-work-productivity-sv-se","stories-hur-kan-jag-anpassa-mitt-jobb-till-mitt-arbetssatt","stories-working-together-sv-se","businessPriorities-digital-transformation-sv-se"],"_links":{"self":[{"href":"https:\/\/pulse.microsoft.com\/sv-se\/wp-json\/wp\/v2\/posts\/441366"}],"collection":[{"href":"https:\/\/pulse.microsoft.com\/sv-se\/wp-json\/wp\/v2\/posts"}],"about":[{"href":"https:\/\/pulse.microsoft.com\/sv-se\/wp-json\/wp\/v2\/types\/post"}],"author":[{"embeddable":true,"href":"https:\/\/pulse.microsoft.com\/sv-se\/wp-json\/wp\/v2\/users\/791"}],"replies":[{"embeddable":true,"href":"https:\/\/pulse.microsoft.com\/sv-se\/wp-json\/wp\/v2\/comments?post=441366"}],"version-history":[{"count":8,"href":"https:\/\/pulse.microsoft.com\/sv-se\/wp-json\/wp\/v2\/posts\/441366\/revisions"}],"predecessor-version":[{"id":441885,"href":"https:\/\/pulse.microsoft.com\/sv-se\/wp-json\/wp\/v2\/posts\/441366\/revisions\/441885"}],"wp:featuredmedia":[{"embeddable":true,"href":"https:\/\/pulse.microsoft.com\/sv-se\/wp-json\/wp\/v2\/media\/440832"}],"wp:attachment":[{"href":"https:\/\/pulse.microsoft.com\/sv-se\/wp-json\/wp\/v2\/media?parent=441366"}],"wp:term":[{"taxonomy":"category","embeddable":true,"href":"https:\/\/pulse.microsoft.com\/sv-se\/wp-json\/wp\/v2\/categories?post=441366"}],"curies":[{"name":"wp","href":"https:\/\/api.w.org\/{rel}","templated":true}]}}