{"id":389897,"date":"2020-10-27T10:40:19","date_gmt":"2020-10-27T09:40:19","guid":{"rendered":"https:\/\/pulse.microsoft.com\/?p=389897"},"modified":"2020-11-05T16:52:15","modified_gmt":"2020-11-05T15:52:15","slug":"fa1-forandring-ar-det-nya","status":"publish","type":"post","link":"https:\/\/pulse.microsoft.com\/sv-se\/work-productivity-sv-se\/na\/fa1-forandring-ar-det-nya\/","title":{"rendered":"F\u00f6r\u00e4ndring \u00e4r det nya normala"},"content":{"rendered":"<p class=\"intro\">En modern arbetsplats\u00a0som \u00e4r f\u00f6r\u00e4ndringsben\u00e4gen\u00a0har st\u00f6rre m\u00f6jligheter att attrahera kompetenta medarbetare och samtidigt beh\u00e5lla och utveckla befintliga. Den \u00e4r\u00a0samtidigt\u00a0mer\u00a0konkurrenskraftig. K\u00e4nnetecknande f\u00f6r en\u00a0s\u00e5dan\u00a0arbetsplats \u00e4r\u00a0anv\u00e4ndningen av moderna\u00a0samarbetsverktyg\u00a0och\u00a0ett verksamhetsn\u00e4ra IT-st\u00f6d.<\/p>\n<p><span data-contrast=\"auto\">I den globala ekonomin \u00e4r konkurrensen om s\u00e5v\u00e4l kunder som kompetenta medarbetare stenh\u00e5rd. F\u00f6retag och organisationer som erbjuder ett modernt s\u00e4tt att arbeta, oberoende av tid och rum, har st\u00f6rre m\u00f6jligheter \u00e4n andra att knyta kompetenta medarbetare till sig. Samtidigt \u00f6kar dessa organisationers l\u00f6nsamhet.\u00a0<\/span><span data-ccp-props=\"{&quot;201341983&quot;:0,&quot;335559739&quot;:200,&quot;335559740&quot;:276}\">\u00a0<\/span><\/p>\n<h2>Verksamhetsn\u00e4ra IT avg\u00f6rande f\u00f6r framg\u00e5ng<\/h2>\n<p><span data-contrast=\"auto\">Avg\u00f6rande f\u00f6r framg\u00e5ng \u00e4r att verksamhetsledningen \u00e4r engagerad och tar aktiv del i IT-styrningen och bidrar till en kultur d\u00e4r f\u00f6r\u00e4ndring upplevs som n\u00e5got bra. Lika viktigt \u00e4r att IT \u00e4r en central del av verksamhetens k\u00e4rnprocesser och att IT-organisationen fokuserar p\u00e5 verksamhetsn\u00e4ra IT. Verksamheten m\u00e5ste ocks\u00e5 ge medarbetarna f\u00f6rm\u00e5ga att anv\u00e4nda samarbetsverktyg som \u00e4r v\u00e4l integrerade i verksamheten.\u00a0<\/span><span data-ccp-props=\"{&quot;201341983&quot;:0,&quot;335559739&quot;:200,&quot;335559740&quot;:276}\">\u00a0<\/span><\/p>\n<p><span data-contrast=\"auto\">Digitalisering och ett modernt arbetss\u00e4tt med moderna samarbetsverktyg som \u00e4r anpassade f\u00f6r verksamheten och som medarbetarna har f\u00f6rm\u00e5ga att anv\u00e4nda ger fortsatt de st\u00f6rsta m\u00f6jligheterna till avkastning p\u00e5 investering och f\u00f6rbereda organisationen f\u00f6r ytterligare f\u00f6r\u00e4ndringar. IT \u00e4r i det sammanhanget inte l\u00e4ngre en st\u00f6dfunktion till verksamheten utan en central del av den.\u00a0<\/span><span data-ccp-props=\"{&quot;201341983&quot;:0,&quot;335559739&quot;:200,&quot;335559740&quot;:276}\">\u00a0<\/span><\/p>\n<h2>Minskad digital stress ger v\u00e4lm\u00e5ende organisation<\/h2>\n<p><span data-contrast=\"auto\">N\u00e4r verktygen g\u00f6r det enkelt f\u00f6r medarbetarna att samarbeta och utg\u00e5 fr\u00e5n samma data och f\u00f6ruts\u00e4ttningar som sina kolleger h\u00f6js inte bara produktiviteten. Den digitala stressen visar sig ocks\u00e5 minska. Med moderna samarbetsverktyg och ett modernt arbetss\u00e4tt finns f\u00f6ruts\u00e4ttningarna f\u00f6r en v\u00e4lm\u00e5ende organisation d\u00e4r nuvarande medarbetare stannar och utvecklas och dit nya talanger attraheras.\u00a0<\/span><span data-ccp-props=\"{&quot;201341983&quot;:0,&quot;335559739&quot;:200,&quot;335559740&quot;:276}\">\u00a0<\/span><\/p>\n<p><span data-contrast=\"auto\">Innovativa f\u00f6retag pr\u00e4glas ocks\u00e5 av ett l\u00f6pande f\u00f6r\u00e4ndringsarbete f\u00f6r att anpassa sig till f\u00f6r\u00e4ndringar i omv\u00e4rlden och f\u00f6r att ligga steget f\u00f6re konkurrenterna. F\u00f6r\u00e4ndring tycks vara det nya normala.\u00a0<\/span><span data-ccp-props=\"{&quot;201341983&quot;:0,&quot;335559739&quot;:200,&quot;335559740&quot;:276}\">\u00a0<\/span><\/p>\n<p><strong><a href=\"http:\/\/www.detnyaarbetslivet.se\/\">L\u00e4s mer om framg\u00e5ngsfaktorerna f\u00f6r att inf\u00f6ra den moderna arbetsplatsen.<\/a><\/strong><\/p>\n","protected":false},"excerpt":{"rendered":"<p>En modern arbetsplats\u00a0som \u00e4r f\u00f6r\u00e4ndringsben\u00e4gen\u00a0har st\u00f6rre m\u00f6jligheter att attrahera kompetenta medarbetare och samtidigt beh\u00e5lla och utveckla befintliga. Den \u00e4r\u00a0samtidigt\u00a0mer\u00a0konkurrenskraftig. K\u00e4nnetecknande f\u00f6r en\u00a0s\u00e5dan\u00a0arbetsplats \u00e4r\u00a0anv\u00e4ndningen av moderna\u00a0samarbetsverktyg\u00a0och\u00a0ett verksamhetsn\u00e4ra IT-st\u00f6d. I den globala ekonomin \u00e4r konkurrensen om s\u00e5v\u00e4l kunder som kompetenta medarbetare stenh\u00e5rd. F\u00f6retag och organisationer som erbjuder ett modernt s\u00e4tt att arbeta, oberoende av tid och rum, [&hellip;]<\/p>\n","protected":false},"author":791,"featured_media":387720,"comment_status":"closed","ping_status":"closed","sticky":false,"template":"","format":"standard","meta":{"footnotes":""},"categories":[2467],"class_list":["post-389897","post","type-post","status-publish","format-standard","has-post-thumbnail","hentry","category-the-new-working-life-sv-se","specials-work-productivity-sv-se","stories-flexibility-your-way-sv-se","stories-hur-kan-jag-arbeta-mer-effektivt-och-andamalsenligt","businessPriorities-modern-workplace-sv-se"],"_links":{"self":[{"href":"https:\/\/pulse.microsoft.com\/sv-se\/wp-json\/wp\/v2\/posts\/389897"}],"collection":[{"href":"https:\/\/pulse.microsoft.com\/sv-se\/wp-json\/wp\/v2\/posts"}],"about":[{"href":"https:\/\/pulse.microsoft.com\/sv-se\/wp-json\/wp\/v2\/types\/post"}],"author":[{"embeddable":true,"href":"https:\/\/pulse.microsoft.com\/sv-se\/wp-json\/wp\/v2\/users\/791"}],"replies":[{"embeddable":true,"href":"https:\/\/pulse.microsoft.com\/sv-se\/wp-json\/wp\/v2\/comments?post=389897"}],"version-history":[{"count":5,"href":"https:\/\/pulse.microsoft.com\/sv-se\/wp-json\/wp\/v2\/posts\/389897\/revisions"}],"predecessor-version":[{"id":393575,"href":"https:\/\/pulse.microsoft.com\/sv-se\/wp-json\/wp\/v2\/posts\/389897\/revisions\/393575"}],"wp:featuredmedia":[{"embeddable":true,"href":"https:\/\/pulse.microsoft.com\/sv-se\/wp-json\/wp\/v2\/media\/387720"}],"wp:attachment":[{"href":"https:\/\/pulse.microsoft.com\/sv-se\/wp-json\/wp\/v2\/media?parent=389897"}],"wp:term":[{"taxonomy":"category","embeddable":true,"href":"https:\/\/pulse.microsoft.com\/sv-se\/wp-json\/wp\/v2\/categories?post=389897"}],"curies":[{"name":"wp","href":"https:\/\/api.w.org\/{rel}","templated":true}]}}