{"id":1098454,"date":"2026-04-10T11:45:28","date_gmt":"2026-04-10T10:45:28","guid":{"rendered":"https:\/\/pulse.microsoft.com\/?p=1098454"},"modified":"2026-04-30T15:52:13","modified_gmt":"2026-04-30T14:52:13","slug":"valkommen-till-oss-pa-vitalis","status":"publish","type":"post","link":"https:\/\/pulse.microsoft.com\/sv-se\/transform-sv-se\/healthcare-sv-se\/valkommen-till-oss-pa-vitalis\/","title":{"rendered":"V\u00e4lkommen till oss p\u00e5 Vitalis!"},"content":{"rendered":"<p>P\u00e5 Vitalis ser vi fram emot att tr\u00e4ffa dig och visa hur s\u00e4ker AI kan g\u00f6ra skillnad i offentlig sektor. Under Vitalis-veckan har vi m\u00e5nga sp\u00e4nnande aktiviteter p\u00e5 g\u00e5ng. Vi b\u00f6rjar med Microsoft Pre-Day redan den 4 maj.<\/p>\n<h2><strong>Robust sjukv\u00e5rd 2030 \u2013 S\u00e4kerhet och AI som grundpelare f\u00f6r framtidens v\u00e5rd<\/strong><\/h2>\n<p>V\u00e4lkommen till v\u00e5r exklusiva Pre\u2011day, dagen f\u00f6re Vitalis \u00f6ppnar p\u00e5 Svenska M\u00e4ssan. Tillsammans med ledande akt\u00f6rer fr\u00e5n regioner, privata v\u00e5rdgivare och industrin samlas vi f\u00f6r att ta n\u00e4sta steg mot en robust, s\u00e4ker och motst\u00e5ndskraftig h\u00e4lso- och sjukv\u00e5rd. Genom panelsamtal och workshops g\u00e5r vi fr\u00e5n vision till handling \u2013 med fokus p\u00e5 hur AI och s\u00e4kerhet blir avg\u00f6rande m\u00f6jligg\u00f6rare f\u00f6r omst\u00e4llningen mot framtidens v\u00e5rd. Ta del av v\u00e5rt sp\u00e4nnande program och skicka in din intresseanm\u00e4lan h\u00e4r: <a href=\"https:\/\/msevents.microsoft.com\/event?id=20263989111647\">Microsoft Pre-day p\u00e5 Vitalis 2026<\/a><\/p>\n<h2><strong>Korta presentationer, AI agenter och extra gott kaffe<\/strong><\/h2>\n<p>I v\u00e5r monter m\u00f6ter du specialister, kundansvariga och v\u00e5ra partners Onevinn och Centigo. H\u00e4r kan du bygga din egen AI\u2011agent, l\u00e4ra dig mer om IT\u2011s\u00e4kerhet och f\u00e5 nya perspektiv p\u00e5 f\u00f6r\u00e4ndringsledning. Missa inte heller v\u00e5ra presentationer p\u00e5 monterscenen d\u00e4r vi varje dag bjuder p\u00e5 upp till sex korta sessioner fyllda med insikter och inspiration. Passa samtidigt p\u00e5 att dela vilken agent du vill bygga medan du njuter av en kaffe fr\u00e5n G\u00f6teborgs b\u00e4sta barista<\/p>\n<p><strong>Vi ser fram emot att tr\u00e4ffa dig i v\u00e5r monter B06:22<\/strong><\/p>\n<h2><strong>Tisdag 5 maj<\/strong><\/h2>\n<p><strong>9:00 &#8211; Inbyggda agenter f\u00f6r direkt anv\u00e4ndning<br \/>\n<\/strong>F\u00f6lj med n\u00e4r vi tittar n\u00e4rmare p\u00e5 de inbyggda digitala agenterna som finns i M365 Copilot idag och se hur de kan skapa nytta i vardagen, i din verksamhet.<\/p>\n<p><em>Mattias Boss<b>, <\/b>AI specialist<\/em><\/p>\n<p><strong>11:00 &#8211; <\/strong><b>Samtal till text &#8211; fr\u00e5n identifierat behov till vardagsnytta<br \/>\n<\/b>Socialtj\u00e4nsten i Uddevalla har byggt ett eget AI-verktyg som omvandlar samtal till text \u2013 och sparar tusentals arbetstimmar \u00e5t socialsekreterare som arbetar med barn och unga. Presentationen visar resan fr\u00e5n identifierat behov, genom teknikval och juridiska utredningar, till ett skarpt verktyg som f\u00f6rb\u00e4ttrar b\u00e5de arbetsmilj\u00f6 och r\u00e4ttss\u00e4kerhet.<\/p>\n<p><em>Tommy Jensen, Enhetschef barn &amp; unga, Socialtj\u00e4nsten<br \/>\n<\/em><em>Jens Almgren Larsen, Enhetschef digitalisering &amp; utveckling, IT-avdelningen<\/em><\/p>\n<p><strong>12:10 &#8211; <\/strong><b>Cybers\u00e4kerhet som grund f\u00f6r robust v\u00e5rd<br \/>\n<\/b>Ta del av hur Region Halland hanterar cybers\u00e4kerhet, d\u00e4r skydd av patientdata, s\u00e4kra digitala system och motst\u00e5ndskraft mot cyberhot \u00e4r avg\u00f6rande f\u00f6r att v\u00e5rden ska kunna fungera tryggt och utan avbrott.<\/p>\n<p><em>Anders Boustedt, Verksamhetschef Informationsteknologi, Region Halland<\/em><\/p>\n<p><strong>12:40 &#8211; <\/strong><b>S\u00e5 fungerar <\/b><b>Copilot<\/b><b> i Word och Excel<br \/>\n<\/b>Uppt\u00e4ck hur Copilot i Word och Excel kan hj\u00e4lpa dig att arbeta smartare \u2013 fr\u00e5n att snabbt formulera texter och sammanfatta inneh\u00e5ll till att analysera data och skapa insikter p\u00e5 bara n\u00e5gra sekunder.<\/p>\n<p><em>Andreas Adolfsson &amp; Mattias Boss, AI Specialister<\/em><\/p>\n<p><strong>14:00 &#8211; <\/strong><b>Strategiskt samarbete f\u00f6r utveckling av digital arbetsplats och processoptimering<br \/>\n<\/b>Sahlgrenska Universitetssjukhuset och Microsoft st\u00e4rker sitt strategiska samarbete f\u00f6r att driva digital innovation, effektivisera v\u00e5rdens processer och st\u00e4rka patientnyttan. Nu har du chansen att f\u00e5 veta mer om Sahlgrenskas uppstartade arbete med att oms\u00e4tta verksamhetsbehov till agenter i M365 plattformen och dess etablering i verksamheten.<\/p>\n<p><em>Peter Skoog, IT-strateg, Avd f\u00f6r informationssystem och IT.<br \/>\n<\/em><em>\u00c5se Blomqvist, Strateg, Digital utveckling och innovation Centrum f\u00f6r Digital H\u00e4lsa, Sahlgrenska Universitetssjukhuset<\/em><\/p>\n<p><strong>15:15 &#8211; <\/strong><b>V\u00e4rdeskapande med AI driven utveckling<br \/>\n<\/b>Fr\u00e5n utforskande till AI\u2011driven utveckling \u2013 Cambio delar sin resa, om s\u00e4kerhet, sina utmaningar och de viktigaste framg\u00e5ngsfaktorerna f\u00f6r att leverera med AI.<\/p>\n<p><em>Ludvig Kolmodin, Chief Technology Officer, Cambio<\/em><\/p>\n<h2><strong>Onsdag 6 maj<\/strong><\/h2>\n<p><strong>10:00 &#8211; <\/strong><b>Fr\u00e5n r\u00e4dsla till gl\u00e4dje &#8211; s\u00e5 hj\u00e4lper Region Halland stickr\u00e4dda barn med VR-teknik.<br \/>\n<\/b>I Region Halland erbjuds nu stickr\u00e4dda barn att bli distraherade med hj\u00e4lp av Virtual Reality. Efter ett testprojekt breddinf\u00f6rs nu tekniken inom s\u00e5v\u00e4l prim\u00e4rv\u00e5rd som p\u00e5 barnkliniker.<\/p>\n<p><em>Peter Uppman, Innovationsstrateg, Region Halland<\/em><\/p>\n<p><strong>10:30 &#8211; <\/strong><b>Hur kan man inf\u00f6ra och utv\u00e4rdera AI inom Radiologi?<br \/>\n<\/b>En av l\u00e4karna involverad i inf\u00f6randet av en AI-algoritm som bed\u00f6mer akuta r\u00f6ntgenunders\u00f6kningar ber\u00e4ttar om sina erfarenheter.<\/p>\n<p><em>Marcus Casselgren, \u00d6verl\u00e4kare Radiologi,\u00a0 Link\u00f6pings Universitetssjukhus<\/em><\/p>\n<p><strong>11:00 &#8211; <\/strong><b>AI, digitalt kunskapsst\u00f6d och agenter f\u00f6r kliniska bed\u00f6mningar: Fr\u00e5n forskning till klinisk praxis<br \/>\n<\/b>Sahlgrenskas kardiologiavdelning driver utvecklingen av en agentisk AI-l\u00f6sning som kommer att kunna hj\u00e4lpa specialistl\u00e4kare inom alla discipliner att g\u00f6ra b\u00e4ttre kliniska bed\u00f6mningar och som automatiskt s\u00e4kerst\u00e4ller att medicinska guidelines och regler efterlevs i alla steg<\/p>\n<p><em>Araz Rawshani, Professor Sahlgrenska Universitetssjukhuset<\/em><\/p>\n<p><strong>12:10 &#8211; <\/strong><b>Region Norrbotten accelererar sin AI-resa<br \/>\n<\/b>Region Norrbotten vill dela med sig om varf\u00f6r de satsar brett p\u00e5 AI och hur de snabbt rullat ut Copilot till 1000 medarbetare och vilka effekter de ser f\u00f6r b\u00e5de verksamhet och kompetensf\u00f6rs\u00f6rjning.<\/p>\n<p><em>Emelie T\u00f6rnkvist IT-strateg &amp; Stefan Carlsson Teamlead IT-Strateg. IT\/MT-avdelningen Region Norrbotten<\/em><\/p>\n<p><strong>12:40 &#8211; <\/strong><b>Smarta AI agenter f\u00f6r v\u00e5rdpersonal<br \/>\n<\/b>En praktisk inblick i hur AI-agenter kan bli en naturlig del av v\u00e5rdteamet och bidra till \u00f6kad kvalitet och minskad arbetsbelastning<\/p>\n<p><em>Jesper Hessius, CMIO &amp; Andreas Adolfsson, IT-specialist<\/em><\/p>\n<p><strong>14:00 &#8211; <\/strong><b>Till\u00e4mpad AI i journalsystem &#8211; trendspaning<br \/>\n<\/b>Flertalet akt\u00f6rer erbjuder AI-assisterade applikationer inom h\u00e4lsa- och sjukv\u00e5rd, hur agerar journalsystemsleverant\u00f6rer? Vad h\u00e4nder n\u00e4r intelligens g\u00e5r fr\u00e5n innovation till hygienfaktor?<\/p>\n<p><em>Tomas Block, Chief Product Officer &amp; Chief Medical Officer<\/em><\/p>\n<p><strong>14:30 &#8211; <\/strong><b>Copilot<\/b> <b>chat<\/b><b> f\u00f6r alla<br \/>\n<\/b>AI-assistenter kan bli ett naturligt st\u00f6d i vardagen \u2013 fr\u00e5n att effektivisera arbete och kommunikation till att frig\u00f6ra tid f\u00f6r mer v\u00e4rdeskapande uppgifter.<\/p>\n<p><em>Katja Hannu, AI-specialist<\/em><\/p>\n<p><strong>15:15 &#8211; <\/strong><b>BrainChild<\/b><b>, fr\u00e5n data till nytta<br \/>\n<\/b>AI och strukturerad h\u00e4lsodata g\u00f6r det m\u00f6jligt att snabbare oms\u00e4tta kunskap i klinisk verklighet. BrainChild samlar forskning, v\u00e5rd, teknik och civilsamh\u00e4lle f\u00f6r att korta v\u00e4gen fr\u00e5n fragmenterad data till precisionsmedicin f\u00f6r barn med cancer.<\/p>\n<p><em>Elinor Westerberg, Chef strategisk aff\u00e4r, Barncancerfonden<\/em><\/p>\n<h2><strong>Torsdag 7 maj<\/strong><\/h2>\n<p><strong>10:00 &#8211; <\/strong><b>Enklare administration med M365 <\/b><b>Copilot<br \/>\n<\/b><b><\/b>H\u00e4r visar vi konkreta exempel p\u00e5 hur M365 Copilot kan st\u00f6tta i dokumentation, sammanfattningar och informationshantering \u2013 och d\u00e4rmed bidra till effektivare arbetsfl\u00f6den i v\u00e5rden.<\/p>\n<p><em>Katja Hannu, AI-specialist<\/em><\/p>\n<p><strong>11:00 &#8211; <\/strong><b>Agenter i v\u00e5rden<br \/>\n<\/b>Se hur v\u00e5rden kan ta n\u00e4sta steg med AI genom att inf\u00f6ra agenter som st\u00f6djer verksamheten, fr\u00e5n id\u00e9 till konkret nytta.<\/p>\n<p><em>Andreas Adolfsson, AI- Specialist<\/em><\/p>\n<p><strong>12:10 &#8211; <\/strong><b>Sahlgrenska Universitetssjukhuset och Microsoft p\u00e5skyndar den digitala transformationen av svensk v\u00e5rd<br \/>\n<\/b>H\u00e4r f\u00e5r vi h\u00f6ra mer om hur det strategiska samarbetet skapar f\u00f6ruts\u00e4ttningar f\u00f6r utveckling inom digital infrastruktur, dataanalys och smartare administrativa arbetss\u00e4tt \u2013 med m\u00e5let att g\u00e5 fr\u00e5n enskilda pilotprojekt till skalbara l\u00f6sningar som st\u00e4rker kvalitet, effektivitet och patients\u00e4kerhet.<\/p>\n<p><em>Alexander B\u00fcller, Digitaliseringschef, Sahlgrenska Universitetssjukhuset &amp; Mats Sedlacek, Ansvarig H\u00e4lso- och Sjukv\u00e5rd Microsoft<\/em><\/p>\n<p><strong>12:40 &#8211; <\/strong><b>AI-Lyftet &#8211;\u00a0 en resa fr\u00e5n inspiration till innovation<br \/>\n<\/b>Ett initiativ f\u00f6r att hj\u00e4lpa personer och organisationer att navigera AI-resan. F\u00e5 inspiration och \u00f6kad f\u00f6rst\u00e5else till att skapa konkreta och innovativa s\u00e4tt att nyttja AI<\/p>\n<p><em>Katja Hannu och Andreas Adolfsson, AI-specialister<\/em><\/p>\n","protected":false},"excerpt":{"rendered":"<p>P\u00e5 Vitalis ser vi fram emot att tr\u00e4ffa dig och visa hur s\u00e4ker AI kan g\u00f6ra skillnad i offentlig sektor. Under Vitalis-veckan har vi m\u00e5nga sp\u00e4nnande aktiviteter p\u00e5 g\u00e5ng. Vi b\u00f6rjar med Microsoft Pre-Day redan den 4 maj. Robust sjukv\u00e5rd 2030 \u2013 S\u00e4kerhet och AI som grundpelare f\u00f6r framtidens v\u00e5rd V\u00e4lkommen till v\u00e5r exklusiva Pre\u2011day, [&hellip;]<\/p>\n","protected":false},"author":889,"featured_media":1098565,"comment_status":"closed","ping_status":"closed","sticky":false,"template":"","format":"standard","meta":{"footnotes":""},"categories":[1909],"class_list":["post-1098454","post","type-post","status-publish","format-standard","has-post-thumbnail","hentry","category-digital-transformation-sv-se","specials-transform-sv-se","verticalIndustries-healthcare-sv-se","stories-hur-infor-jag-mer-innovation-i-verksamheten","stories-innovation-sv-se","businessPriorities-data-ai-sv-se"],"_links":{"self":[{"href":"https:\/\/pulse.microsoft.com\/sv-se\/wp-json\/wp\/v2\/posts\/1098454"}],"collection":[{"href":"https:\/\/pulse.microsoft.com\/sv-se\/wp-json\/wp\/v2\/posts"}],"about":[{"href":"https:\/\/pulse.microsoft.com\/sv-se\/wp-json\/wp\/v2\/types\/post"}],"author":[{"embeddable":true,"href":"https:\/\/pulse.microsoft.com\/sv-se\/wp-json\/wp\/v2\/users\/889"}],"replies":[{"embeddable":true,"href":"https:\/\/pulse.microsoft.com\/sv-se\/wp-json\/wp\/v2\/comments?post=1098454"}],"version-history":[{"count":8,"href":"https:\/\/pulse.microsoft.com\/sv-se\/wp-json\/wp\/v2\/posts\/1098454\/revisions"}],"predecessor-version":[{"id":1099327,"href":"https:\/\/pulse.microsoft.com\/sv-se\/wp-json\/wp\/v2\/posts\/1098454\/revisions\/1099327"}],"wp:featuredmedia":[{"embeddable":true,"href":"https:\/\/pulse.microsoft.com\/sv-se\/wp-json\/wp\/v2\/media\/1098565"}],"wp:attachment":[{"href":"https:\/\/pulse.microsoft.com\/sv-se\/wp-json\/wp\/v2\/media?parent=1098454"}],"wp:term":[{"taxonomy":"category","embeddable":true,"href":"https:\/\/pulse.microsoft.com\/sv-se\/wp-json\/wp\/v2\/categories?post=1098454"}],"curies":[{"name":"wp","href":"https:\/\/api.w.org\/{rel}","templated":true}]}}