{"id":769106,"date":"2022-12-15T14:50:31","date_gmt":"2022-12-15T13:50:31","guid":{"rendered":"https:\/\/pulse.microsoft.com\/?p=769106"},"modified":"2023-01-18T14:57:41","modified_gmt":"2023-01-18T13:57:41","slug":"fa1-power-bi-dagen-13-desember-2022","status":"publish","type":"post","link":"https:\/\/pulse.microsoft.com\/nb-no\/work-productivity-nb-no\/na\/fa1-power-bi-dagen-13-desember-2022\/","title":{"rendered":"Power BI-dagen 13. desember 2022"},"content":{"rendered":"<p>Desember, 2022<\/p>\n<p class=\"intro\">For andre gang arrangerte Microsoft Norge \u00abPower BI-dagen\u00bb \u2013 en dag fylt med masse inspirasjon fra Norges st\u00f8rste selskaper om hvordan de tar i bruk Power BI til \u00e5 bli mer datadrevet.<\/p>\n<p>Vi startet dagen med Lars Andersen fra Power BI Customer Advisory Team (PBICAT), som presenterte Power BI i Norden, nyheter i Power BI og roadmap. Paneldebatt om hvordan virksomheter kan bli datadrevet med Power BI, f\u00f8r vi hoppet videre til 10 ulike kundehistorier; hvordan de tar i bruk Power BI p\u00e5 tvers av Modern Work, Dynamics og Azure for \u00e5 bli mer datadrevet. \u00a0Vi avsluttet med en presentasjon om hvordan Microsoft sikrer kundenes data i skyen v\u00e5r av v\u00e5r egen sikkerhetsspesialist, Nils Ove-Gamlem.<\/p>\n<p>Tusen takk til alle foredragsholderne fra:<\/p>\n<ul>\n<li><strong>Equinor<\/strong> med Amalie Helleberg Rovik og Kim Jensen<\/li>\n<li><strong>Orkla<\/strong> med \u00d8rnulf Emil Andresen<\/li>\n<li><strong>Kongsberg<\/strong> <strong>Digital<\/strong> med David Molina og Julia F\u00f8rde<\/li>\n<li><strong>Tine SA<\/strong> med Henrik Bachke Madsen og Olga Sergeeva<\/li>\n<li><strong>Helse S\u00f8r-\u00d8st RHF<\/strong> med Lars R\u00f8nning<\/li>\n<li><strong>Sector Alarm<\/strong> med Ali Ahmad<\/li>\n<li><strong>Eika <\/strong>med Dag Mathisen<\/li>\n<li><strong>Sparebanken Sogn og Fjordane<\/strong>med Andreas Campbell Pedersen<\/li>\n<li><strong>Viken fylkeskommune <\/strong>med Cathrine Bergjordet og Farhad D. Rad<\/li>\n<li><strong>Randaberg kommune <\/strong>med Lars H. Lassa Ved\u00f8y<\/li>\n<li>Microsoft med Lars Andersen, Nesibe Simsek, Nils-Ove Gamlem, Ingrid Ludvigsen, Dag Nyrud, Bengt Rosing Borren, Henrik Jacobs og Jon Jahren<\/li>\n<\/ul>\n<p>&nbsp;<\/p>\n<p>Du kan finne alle presentasjonene fra dagen <a href=\"https:\/\/livesend.microsoft.com\/ls\/1a365ac1-986b-4ff7-9be0-b9e3a7309501\/_l-MOKHyvNZxcQA3\">her<\/a><\/p>\n<p>Hver m\u00e5ned inviterer vi sammen med v\u00e5r partner CapGemini til Dashboard in a Day \u2013 en heldags digital workshop hvor en instrukt\u00f8r leder deg gjennom hva Power BI kan gj\u00f8re for deg og din virksomhet. Du finner fortl\u00f8pende datoer p\u00e5 denne siden: <a href=\"http:\/\/www.aka.ms\/DIAD-Norge\">www.aka.ms\/DIAD-Norge<\/a><\/p>\n<p>Interessert i \u00e5 bli en del av Power BI User Group Norway? Finn info her: <a href=\"http:\/\/www.aka.ms\/PBIUG-Norway\">www.aka.ms\/PBIUG-Norway<\/a><\/p>\n<p>Gikk du glipp av den f\u00f8rste Power BI-dagen? Du kan se presentasjonene fra den <a href=\"https:\/\/livesend.microsoft.com\/ls\/1a365ac1-986b-4ff7-9be0-b9e3a7309501\/rp3IeTGwvf33SbU2\">her<\/a><\/p>\n<p>&nbsp;<\/p>\n<p>Vi h\u00e5per du kan delta p\u00e5 Power BI-dagen neste gang ogs\u00e5 \ud83d\ude0a<\/p>\n","protected":false},"excerpt":{"rendered":"<p>Desember, 2022 For andre gang arrangerte Microsoft Norge \u00abPower BI-dagen\u00bb \u2013 en dag fylt med masse inspirasjon fra Norges st\u00f8rste selskaper om hvordan de tar i bruk Power BI til \u00e5 bli mer datadrevet. Vi startet dagen med Lars Andersen fra Power BI Customer Advisory Team (PBICAT), som presenterte Power BI i Norden, nyheter i [&hellip;]<\/p>\n","protected":false},"author":306,"featured_media":769110,"comment_status":"closed","ping_status":"closed","sticky":false,"template":"","format":"standard","meta":{"footnotes":""},"categories":[1811],"class_list":["post-769106","post","type-post","status-publish","format-standard","has-post-thumbnail","hentry","category-customer-stories-nb-no","specials-work-productivity-nb-no","stories-how-can-i-have-a-better-productivity-nb-no","stories-productivity-nb-no","businessPriorities-modern-workplace-nb-no"],"_links":{"self":[{"href":"https:\/\/pulse.microsoft.com\/nb-no\/wp-json\/wp\/v2\/posts\/769106"}],"collection":[{"href":"https:\/\/pulse.microsoft.com\/nb-no\/wp-json\/wp\/v2\/posts"}],"about":[{"href":"https:\/\/pulse.microsoft.com\/nb-no\/wp-json\/wp\/v2\/types\/post"}],"author":[{"embeddable":true,"href":"https:\/\/pulse.microsoft.com\/nb-no\/wp-json\/wp\/v2\/users\/306"}],"replies":[{"embeddable":true,"href":"https:\/\/pulse.microsoft.com\/nb-no\/wp-json\/wp\/v2\/comments?post=769106"}],"version-history":[{"count":3,"href":"https:\/\/pulse.microsoft.com\/nb-no\/wp-json\/wp\/v2\/posts\/769106\/revisions"}],"predecessor-version":[{"id":784916,"href":"https:\/\/pulse.microsoft.com\/nb-no\/wp-json\/wp\/v2\/posts\/769106\/revisions\/784916"}],"wp:featuredmedia":[{"embeddable":true,"href":"https:\/\/pulse.microsoft.com\/nb-no\/wp-json\/wp\/v2\/media\/769110"}],"wp:attachment":[{"href":"https:\/\/pulse.microsoft.com\/nb-no\/wp-json\/wp\/v2\/media?parent=769106"}],"wp:term":[{"taxonomy":"category","embeddable":true,"href":"https:\/\/pulse.microsoft.com\/nb-no\/wp-json\/wp\/v2\/categories?post=769106"}],"curies":[{"name":"wp","href":"https:\/\/api.w.org\/{rel}","templated":true}]}}