{"id":734246,"date":"2022-09-22T15:04:47","date_gmt":"2022-09-22T14:04:47","guid":{"rendered":"https:\/\/pulse.microsoft.com\/?p=734246"},"modified":"2022-09-22T15:39:29","modified_gmt":"2022-09-22T14:39:29","slug":"fa2-stor-undersokelse-hybrid-arbeid-er-kommet-for-a-bli-men-gapet-mellom-ledere-og-ansatte-ma-tettes","status":"publish","type":"post","link":"https:\/\/pulse.microsoft.com\/nb-no\/work-productivity-nb-no\/na\/fa2-stor-undersokelse-hybrid-arbeid-er-kommet-for-a-bli-men-gapet-mellom-ledere-og-ansatte-ma-tettes\/","title":{"rendered":"Stor unders\u00f8kelse: Hybrid arbeid er kommet for \u00e5 bli \u2013 men gapet mellom ledere og ansatte m\u00e5 tettes"},"content":{"rendered":"<h2><span data-contrast=\"none\">Ansatte som jobber hybrid er mer produktive, men lederne har mindre tillit til at jobben blir gjort, viser en ny internasjonal unders\u00f8kelse fra Microsoft.\u00a0<\/span><span data-ccp-props=\"{&quot;201341983&quot;:0,&quot;335559739&quot;:160,&quot;335559740&quot;:259}\">\u00a0<\/span><\/h2>\n<p><strong>Arbeidslivet begynner \u00e5 stabilisere seg etter pandemien \u2013 men vi er p\u00e5 et annet sted enn f\u00f8r. Arbeidstakere \u00f8nsker \u00e5 jobbe hybrid, ogs\u00e5 etter pandemien: De trives bedre, jobber lenger og er mer produktive n\u00e5r de ikke er bundet til kontoret.\u00a0<\/strong><\/p>\n<p><b><span data-contrast=\"none\">Samtidig \u00f8nsker mange arbeidsgivere \u00e5 hente sine ansatte tilbake til arbeidsplassen. De har lavere tillit til at fleksible l\u00f8sninger for hjemmekontor og arbeidstid \u00f8ker produktiviteten hos sine ansatte.\u00a0<\/span><\/b><span data-ccp-props=\"{&quot;201341983&quot;:0,&quot;335559739&quot;:160,&quot;335559740&quot;:259}\">\u00a0<\/span><\/p>\n<p><span data-contrast=\"none\">Dette er ett av tre hovedfunn i Microsofts Work Trend Index Pulse Report, en unders\u00f8kelse som tar for seg hybrid arbeid basert p\u00e5 svarene fra 20 000 ansatte i 11 land og billioner av produktivitetssignaler fanget opp i Microsofts systemer.\u00a0<\/span><span data-ccp-props=\"{&quot;201341983&quot;:0,&quot;335559739&quot;:160,&quot;335559740&quot;:259}\">\u00a0<\/span><\/p>\n<p><span data-contrast=\"none\">\u2013 Akkurat n\u00e5 er ikke ansatte og ledere i synk n\u00e5r det kommer til den hybride arbeidsplassen. Dette er ikke spesielt for Norge, men noe som p\u00e5g\u00e5r over hele verden. . Arbeidstakere har omfavnet fleksibelt arbeid og \u00f8nsker ikke \u00e5 vende tilbake til <\/span><span data-contrast=\"none\">\u00e5 v\u00e6re p\u00e5 <\/span><span data-contrast=\"none\">kontoret hver eneste dag, sier Kristine Dahl Steidel, administrerende direkt\u00f8r i Microsoft Norge.<\/span><span data-ccp-props=\"{&quot;201341983&quot;:0,&quot;335559739&quot;:160,&quot;335559740&quot;:259}\">\u00a0<\/span><\/p>\n<p><img loading=\"lazy\" decoding=\"async\" class=\" wp-image-734429 aligncenter\" src=\"https:\/\/pulse.microsoft.com\/wp-content\/uploads\/2022\/09\/MicrosoftTeams-image-2-1-300x200.jpg\" alt=\"Bilde av Microsoft Norge GM\" width=\"377\" height=\"251\" data-contrast=\"\" srcset=\"\/wp-content\/uploads\/2022\/09\/MicrosoftTeams-image-2-1-300x200.jpg 300w, \/wp-content\/uploads\/2022\/09\/MicrosoftTeams-image-2-1-1535x1024.jpg 1535w, \/wp-content\/uploads\/2022\/09\/MicrosoftTeams-image-2-1-768x512.jpg 768w, \/wp-content\/uploads\/2022\/09\/MicrosoftTeams-image-2-1-1536x1025.jpg 1536w, \/wp-content\/uploads\/2022\/09\/MicrosoftTeams-image-2-1-2048x1366.jpg 2048w\" sizes=\"(max-width: 377px) 100vw, 377px\" \/><\/p>\n<p><b><span data-contrast=\"none\">\u2013 Samtidig lengter arbeidsgiverne tilbake til det \u00abgode, gamle kontorlivet\u00bb, der gangene var fylt med prat, ansatte l\u00f8p frem og tilbake mellom m\u00f8terommene og lederne tilsynelatende kunne ha en f\u00f8lelse av kontroll over at arbeidet ble gjort.<\/span><\/b><span data-ccp-props=\"{&quot;201341983&quot;:0,&quot;335559739&quot;:160,&quot;335559740&quot;:259}\">\u00a0<\/span><\/p>\n<p><b><i><span data-contrast=\"none\">Work Trend Index Pulse Report peker mot tre hovedfunn:<\/span><\/i><\/b><b><i><span data-contrast=\"none\">\u00a0<\/span><\/i><\/b><span data-ccp-props=\"{&quot;201341983&quot;:0,&quot;335559739&quot;:160,&quot;335559740&quot;:259}\">\u00a0<\/span><\/p>\n<ul>\n<li data-leveltext=\"\uf0b7\" data-font=\"Symbol\" data-listid=\"2\" data-list-defn-props=\"{&quot;335552541&quot;:1,&quot;335559684&quot;:-2,&quot;335559685&quot;:720,&quot;335559991&quot;:360,&quot;469769226&quot;:&quot;Symbol&quot;,&quot;469769242&quot;:[8226],&quot;469777803&quot;:&quot;left&quot;,&quot;469777804&quot;:&quot;\uf0b7&quot;,&quot;469777815&quot;:&quot;hybridMultilevel&quot;}\" aria-setsize=\"-1\" data-aria-posinset=\"1\" data-aria-level=\"1\"><i><span data-contrast=\"none\">Gapet mellom ansatte og lederes opplevelse av produktivitet har aldri v\u00e6rt\u00a0 st\u00f8rre<\/span><\/i><span data-ccp-props=\"{&quot;201341983&quot;:0,&quot;335559739&quot;:160,&quot;335559740&quot;:259}\">\u00a0<\/span><\/li>\n<li data-leveltext=\"\uf0b7\" data-font=\"Symbol\" data-listid=\"2\" data-list-defn-props=\"{&quot;335552541&quot;:1,&quot;335559684&quot;:-2,&quot;335559685&quot;:720,&quot;335559991&quot;:360,&quot;469769226&quot;:&quot;Symbol&quot;,&quot;469769242&quot;:[8226],&quot;469777803&quot;:&quot;left&quot;,&quot;469777804&quot;:&quot;\uf0b7&quot;,&quot;469777815&quot;:&quot;hybridMultilevel&quot;}\" aria-setsize=\"-1\" data-aria-posinset=\"2\" data-aria-level=\"1\"><i><span data-contrast=\"none\">Ansatte opps\u00f8ker kontoret hovedsakelig for <\/span><\/i><i><span data-contrast=\"none\">\u00e5 fylle opp <\/span><\/i><i><span data-contrast=\"none\">sosial kapital<\/span><\/i><span data-ccp-props=\"{&quot;201341983&quot;:0,&quot;335559739&quot;:160,&quot;335559740&quot;:259}\">\u00a0<\/span><\/li>\n<li data-leveltext=\"\uf0b7\" data-font=\"Symbol\" data-listid=\"2\" data-list-defn-props=\"{&quot;335552541&quot;:1,&quot;335559684&quot;:-2,&quot;335559685&quot;:720,&quot;335559991&quot;:360,&quot;469769226&quot;:&quot;Symbol&quot;,&quot;469769242&quot;:[8226],&quot;469777803&quot;:&quot;left&quot;,&quot;469777804&quot;:&quot;\uf0b7&quot;,&quot;469777815&quot;:&quot;hybridMultilevel&quot;}\" aria-setsize=\"-1\" data-aria-posinset=\"2\" data-aria-level=\"1\"><i><span data-contrast=\"none\">Virksomheter m\u00e5 \u00abgjenrekruttere\u00bb sine ansatte og prioritere l\u00e6ring<\/span><\/i><span data-ccp-props=\"{&quot;201341983&quot;:0,&quot;335559739&quot;:160,&quot;335559740&quot;:259}\">\u00a0<\/span><\/li>\n<\/ul>\n<h2 aria-level=\"2\"><strong>\u00abProduktivitetsangst\u00bb hos ansatte og ledere\u00a0<\/strong><\/h2>\n<p><span data-contrast=\"none\">I unders\u00f8kelsen kommer det fram at 87 prosent av ansatte sier de er produktive p\u00e5 jobb, uansett hvor den utf\u00f8res \u2013 et tall som underst\u00f8ttes av produktivitetssignaler Microsoft fanger opp.<\/span><span data-ccp-props=\"{&quot;201341983&quot;:0,&quot;335559739&quot;:160,&quot;335559740&quot;:259}\">\u00a0<\/span><\/p>\n<p><span data-contrast=\"none\">Samtidig oppgir 85 prosent av lederne at overgangen til hybrid arbeid har gjort det vanskeligere \u00e5 ha tillit til at ansatte gj\u00f8r jobben sin skikkelig.\u00a0<\/span><span data-ccp-props=\"{&quot;201341983&quot;:0,&quot;335559739&quot;:160,&quot;335559740&quot;:259}\">\u00a0<\/span><\/p>\n<p><b><span data-contrast=\"none\">\u2013 Det sier seg selv at dette gapet mellom faktisk innsats hos de ansatte og inntrykket som har satt seg hos majoriteten av lederne ikke er spesielt b\u00e6rekraftig, sier Kristine Dahl Steidel.<\/span><\/b><span data-ccp-props=\"{&quot;201341983&quot;:0,&quot;335559739&quot;:160,&quot;335559740&quot;:259}\">\u00a0<\/span><\/p>\n<p><span data-contrast=\"none\">Denne konflikten har f\u00f8rt til det som best kan beskrives som <\/span><i><span data-contrast=\"none\">produktivitetsangst<\/span><\/i><span data-contrast=\"none\"> blant b\u00e5de ledere og ansatte:<\/span><span data-ccp-props=\"{&quot;201341983&quot;:0,&quot;335559739&quot;:160,&quot;335559740&quot;:259}\">\u00a0<\/span><\/p>\n<p><span data-contrast=\"none\">\u2013 Mange ansatte f\u00f8ler at de m\u00e5 bevise at de faktisk jobber. Dette kan gi seg utslag i un\u00f8dvendige mailer og m\u00f8ter, tilgjort h\u00f8y produktivitet for syns skyld \u2013 og potensielt farlig digitalt stress, sier Ingrid Ludvigsen, leder for Modern Work i Microsoft Norge.<\/span><span data-ccp-props=\"{&quot;201341983&quot;:0,&quot;335559739&quot;:160,&quot;335559740&quot;:259}\">\u00a0<\/span><\/p>\n<p><img loading=\"lazy\" decoding=\"async\" class=\" wp-image-734384 aligncenter\" src=\"https:\/\/pulse.microsoft.com\/wp-content\/uploads\/2022\/09\/65f9f594-fc2c-4809-9e5b-d45c34439eae-300x181.jpeg\" alt=\"En graf som viser ansatte og lederes oppfatning av produktivitet p\u00e5 jobb\" width=\"377\" height=\"228\" data-contrast=\"\" srcset=\"\/wp-content\/uploads\/2022\/09\/65f9f594-fc2c-4809-9e5b-d45c34439eae-300x181.jpeg 300w, \/wp-content\/uploads\/2022\/09\/65f9f594-fc2c-4809-9e5b-d45c34439eae-768x464.jpeg 768w, \/wp-content\/uploads\/2022\/09\/65f9f594-fc2c-4809-9e5b-d45c34439eae.jpeg 1000w\" sizes=\"(max-width: 377px) 100vw, 377px\" \/><\/p>\n<p><b><span data-contrast=\"none\">Til tross for at arbeidstimer, antall m\u00f8ter og alle andre tegn til aktivitet har \u00f8kt, frykter likevel ledere tapt produktivitet \u2013 og at de ansatte ikke jobber nok.<\/span><\/b><span data-ccp-props=\"{&quot;201341983&quot;:0,&quot;335559739&quot;:160,&quot;335559740&quot;:259}\">\u00a0<\/span><\/p>\n<p><span data-contrast=\"none\">\u2013 Vi ser at arbeidsgivere savner de gamle visuelle tegnene p\u00e5 hva det vil si \u00e5 v\u00e6re produktiv. Vi mener ledere m\u00e5 bevege seg vekk fra \u00e5 bekymre seg om deres ansatte jobber nok, til \u00e5 hjelpe dem med \u00e5 fokusere p\u00e5 det som er <\/span><i><span data-contrast=\"none\">viktigst<\/span><\/i><span data-contrast=\"none\">. Klarhet, tydelighet og tillitsbasert ledelse er n\u00f8kkelen til et fleksibelt og fruktbart arbeidsliv, sier Kristine Dahl Steidel.<\/span><span data-ccp-props=\"{&quot;201341983&quot;:0,&quot;335559739&quot;:160,&quot;335559740&quot;:259}\">\u00a0<\/span><\/p>\n<p><span data-contrast=\"none\">Verden har endret seg som f\u00f8lge av pandemien \u2013 og med det ogs\u00e5 arbeidslivet, forteller Dahl Steidel:<\/span><span data-ccp-props=\"{&quot;201341983&quot;:0,&quot;335559739&quot;:160,&quot;335559740&quot;:259}\">\u00a0<\/span><\/p>\n<p><b><span data-contrast=\"none\">\u2013 Alle som tror at vi skal tilbake til hvordan vi jobbet i 2019 tar feil. Det er blitt tydelig for oss at jobb ikke lenger er et fysisk sted, men en opplevelse som knytter ansatte og ledere p\u00e5 tvers av hjemmekontorer, hovedkvarterer og tidssoner.\u00a0\u00a0\u00a0<\/span><\/b><span data-ccp-props=\"{&quot;201341983&quot;:0,&quot;335559739&quot;:160,&quot;335559740&quot;:259}\">\u00a0<\/span><\/p>\n<h2 aria-level=\"2\"><span data-contrast=\"none\">Kontoret er en sosial m\u00f8teplass\u00a0<\/span><span data-ccp-props=\"{&quot;134245418&quot;:true,&quot;134245529&quot;:true,&quot;201341983&quot;:0,&quot;335559738&quot;:40,&quot;335559739&quot;:0,&quot;335559740&quot;:259}\">\u00a0<\/span><\/h2>\n<p><span data-contrast=\"none\">I unders\u00f8kelsen svarer ogs\u00e5 halvparten av de ansatte at de f\u00f8ler seg frakoblet selskapet, og har mistet kontakt med jobbrelasjoner utover sine n\u00e6rmeste team.<\/span><span data-ccp-props=\"{&quot;201341983&quot;:0,&quot;335559739&quot;:160,&quot;335559740&quot;:259}\">\u00a0<\/span><\/p>\n<p><span data-contrast=\"none\">\u2013 I en hybrid verden m\u00e5 ledere ogs\u00e5 tenke forbi kontoret. Uansett hvor de ansatte jobber, er god kommunikasjon avgj\u00f8rende for \u00e5 danne et fellesskap, sier Ingrid Ludvigsen.<\/span><span data-ccp-props=\"{&quot;201341983&quot;:0,&quot;335559739&quot;:160,&quot;335559740&quot;:259}\">\u00a0<\/span><\/p>\n<p><span data-contrast=\"none\">Mens beslutningstakere <\/span><span data-contrast=\"none\">\u00f8nsker de <\/span><span data-contrast=\"none\">ansatte tilbake p\u00e5 kontoret av produktivitetshensyn, svarer de ansatte noe helt annet om hvorfor de eventuelt \u00f8nsker \u00e5 opps\u00f8ke arbeidsplassen fysisk: For dem handler dette f<\/span><span data-contrast=\"none\">\u00f8rst og fremst <\/span><span data-contrast=\"none\">om \u00e5 sosialisere med og styrke b\u00e5ndene til andre kollegaer.\u00a0<\/span><span data-ccp-props=\"{&quot;201341983&quot;:0,&quot;335559739&quot;:160,&quot;335559740&quot;:259}\">\u00a0<\/span><\/p>\n<p><span data-contrast=\"none\">Basert p\u00e5 disse funnene, mener Ludvigsen at det n\u00e5, mer enn noen gang, er lederes ansvar \u00e5 gj\u00f8re koblingen mellom de ansattes interesser og virksomhetens suksess.<\/span><span data-ccp-props=\"{&quot;201341983&quot;:0,&quot;335559739&quot;:160,&quot;335559740&quot;:259}\">\u00a0<\/span><\/p>\n<p><img loading=\"lazy\" decoding=\"async\" class=\"size-medium wp-image-734474 aligncenter\" src=\"https:\/\/pulse.microsoft.com\/wp-content\/uploads\/2022\/09\/720922b1-3f52-4bc3-a9b0-59f2b23eac33-240x300.jpg\" alt=\"Et bilde av Ingrid Ludvigsen\" width=\"240\" height=\"300\" data-contrast=\"\" srcset=\"\/wp-content\/uploads\/2022\/09\/720922b1-3f52-4bc3-a9b0-59f2b23eac33-240x300.jpg 240w, \/wp-content\/uploads\/2022\/09\/720922b1-3f52-4bc3-a9b0-59f2b23eac33-819x1024.jpg 819w, \/wp-content\/uploads\/2022\/09\/720922b1-3f52-4bc3-a9b0-59f2b23eac33-768x960.jpg 768w, \/wp-content\/uploads\/2022\/09\/720922b1-3f52-4bc3-a9b0-59f2b23eac33-1229x1536.jpg 1229w, \/wp-content\/uploads\/2022\/09\/720922b1-3f52-4bc3-a9b0-59f2b23eac33-1639x2048.jpg 1639w, \/wp-content\/uploads\/2022\/09\/720922b1-3f52-4bc3-a9b0-59f2b23eac33.jpg 2014w\" sizes=\"(max-width: 240px) 100vw, 240px\" \/><\/p>\n<p><b><span data-contrast=\"none\">\u2013 Sosiale b\u00e5nd og trivsel er n\u00f8kkelen til \u00e5 yte sitt aller beste. Arbeidsplasser er n\u00f8dt til \u00e5 fokusere p\u00e5 \u00e5 gjenoppbygge sin sosiale kapital.<\/span><\/b> <b><span data-contrast=\"none\">\u00c5 bygge kultur og opplevelser som m\u00f8ter behovene til dagens digitalt tilkoblede arbeidsstyrke, krever en helt ny tiln\u00e6rming<\/span><\/b><b><span data-contrast=\"none\">.<\/span><\/b><span data-ccp-props=\"{&quot;201341983&quot;:0,&quot;335559739&quot;:160,&quot;335559740&quot;:259}\">\u00a0<\/span><\/p>\n<h2 aria-level=\"2\"><span data-contrast=\"none\">Ledere m\u00e5 gjenrekruttere egne ansatte\u00a0<\/span><span data-ccp-props=\"{&quot;134245418&quot;:true,&quot;134245529&quot;:true,&quot;201341983&quot;:0,&quot;335559738&quot;:40,&quot;335559739&quot;:0,&quot;335559740&quot;:259}\">\u00a0<\/span><\/h2>\n<p><span data-contrast=\"none\">Stigende inflasjon, krympende budsjetter og mangel p\u00e5 kompetent arbeidskraft: Det er et uoversiktlig makro\u00f8konomisk landskap dagens virksomheter og bedrifter m\u00e5 navigere i.\u00a0<\/span><span data-ccp-props=\"{&quot;201341983&quot;:0,&quot;335559739&quot;:160,&quot;335559740&quot;:259}\">\u00a0<\/span><\/p>\n<p><span data-contrast=\"none\">N\u00e5r man legger til krav om fleksible arbeidsvilk\u00e5r, produktivitetsangst \u2013 samt hvordan unge arbeidstakere prioriterer \u00abjobbhopping\u00bb og selvstendige prosjekter for \u00e5 n\u00e5 sine karrierem\u00e5l, fremfor lojalitet til arbeidsplassen \u2013 tvinger dette virksomheter til \u00e5 tenke nytt for \u00e5 holde sine ansatte forn\u00f8yde.\u00a0<\/span><span data-ccp-props=\"{&quot;201341983&quot;:0,&quot;335559739&quot;:160,&quot;335559740&quot;:259}\">\u00a0<\/span><\/p>\n<p><span data-contrast=\"none\">\u2013 I stedet for \u00e5 ignorere eller kjempe mot disse trendene, vil de beste lederne skj\u00f8nne at de m\u00e5 \u00abgjenrekruttere\u00bb sine allerede ansatte medarbeidere. De m\u00e5 f\u00f8le seg verdsatt og finne en mening i jobben \u2013 og mye av dette kan skje ved \u00e5 legge godt til rette for l\u00e6ring, utvikling og utvidelse av kompetanse, sier Ingrid Ludvigsen.<\/span><span data-ccp-props=\"{&quot;201341983&quot;:0,&quot;335559739&quot;:160,&quot;335559740&quot;:259}\">\u00a0<\/span><\/p>\n<p><span data-contrast=\"none\">Unders\u00f8kelsen viser nettopp at ansatte som f\u00e5r l\u00e6re og utvikle seg, \u00f8nsker \u00e5 bli lenger i virksomheten. Det samme gjelder for dem som gis rom og fleksibilitet til \u00e5 forf\u00f8lge sideprosjekter.\u00a0<\/span><span data-ccp-props=\"{&quot;201341983&quot;:0,&quot;335559739&quot;:160,&quot;335559740&quot;:259}\">\u00a0<\/span><\/p>\n<p><span data-contrast=\"none\">Du kan lese mer om unders\u00f8kelsen fra Microsoft <a href=\"https:\/\/kommunikasjon.ntb.no\/pressemelding\/stor-undersokelse-hybrid-arbeid-er-kommet-for-a-bli-men-gapet-mellom-ledere-og-ansatte-ma-tettes?publisherId=17847653&amp;releaseId=17941483\">HER.<\/a><\/span><\/p>\n<p>Les mer om nyheter i Microsoft Viva som underst\u00f8tter hybrid arbeid <a href=\"https:\/\/pulse.microsoft.com\/nb-no\/work-productivity-nb-no\/na\/fa2-nye-funksjoner-i-microsoft-viva-knytter-medarbeidere-sammen\/\">HER.<\/a><\/p>\n<p>&nbsp;<\/p>\n","protected":false},"excerpt":{"rendered":"<p>Ansatte som jobber hybrid er mer produktive, men lederne har mindre tillit til at jobben blir gjort, viser en ny internasjonal unders\u00f8kelse fra Microsoft.\u00a0\u00a0 Arbeidslivet begynner \u00e5 stabilisere seg etter pandemien \u2013 men vi er p\u00e5 et annet sted enn f\u00f8r. Arbeidstakere \u00f8nsker \u00e5 jobbe hybrid, ogs\u00e5 etter pandemien: De trives bedre, jobber lenger og [&hellip;]<\/p>\n","protected":false},"author":342,"featured_media":734249,"comment_status":"closed","ping_status":"closed","sticky":false,"template":"","format":"standard","meta":{"footnotes":""},"categories":[],"class_list":["post-734246","post","type-post","status-publish","format-standard","has-post-thumbnail","hentry","specials-work-productivity-nb-no","stories-hvordan-kan-jeg-arbeide-overalt","stories-working-from-everywhere-nb-no","businessPriorities-modern-workplace-nb-no"],"_links":{"self":[{"href":"https:\/\/pulse.microsoft.com\/nb-no\/wp-json\/wp\/v2\/posts\/734246"}],"collection":[{"href":"https:\/\/pulse.microsoft.com\/nb-no\/wp-json\/wp\/v2\/posts"}],"about":[{"href":"https:\/\/pulse.microsoft.com\/nb-no\/wp-json\/wp\/v2\/types\/post"}],"author":[{"embeddable":true,"href":"https:\/\/pulse.microsoft.com\/nb-no\/wp-json\/wp\/v2\/users\/342"}],"replies":[{"embeddable":true,"href":"https:\/\/pulse.microsoft.com\/nb-no\/wp-json\/wp\/v2\/comments?post=734246"}],"version-history":[{"count":7,"href":"https:\/\/pulse.microsoft.com\/nb-no\/wp-json\/wp\/v2\/posts\/734246\/revisions"}],"predecessor-version":[{"id":734351,"href":"https:\/\/pulse.microsoft.com\/nb-no\/wp-json\/wp\/v2\/posts\/734246\/revisions\/734351"}],"wp:featuredmedia":[{"embeddable":true,"href":"https:\/\/pulse.microsoft.com\/nb-no\/wp-json\/wp\/v2\/media\/734249"}],"wp:attachment":[{"href":"https:\/\/pulse.microsoft.com\/nb-no\/wp-json\/wp\/v2\/media?parent=734246"}],"wp:term":[{"taxonomy":"category","embeddable":true,"href":"https:\/\/pulse.microsoft.com\/nb-no\/wp-json\/wp\/v2\/categories?post=734246"}],"curies":[{"name":"wp","href":"https:\/\/api.w.org\/{rel}","templated":true}]}}