{"id":658949,"date":"2022-03-28T21:58:54","date_gmt":"2022-03-28T20:58:54","guid":{"rendered":"https:\/\/pulse.microsoft.com\/?p=658949"},"modified":"2022-05-10T07:57:31","modified_gmt":"2022-05-10T06:57:31","slug":"fa1-kultur-og-ledelse-i-en-hybrid-hverdag-recap","status":"publish","type":"post","link":"https:\/\/pulse.microsoft.com\/nb-no\/work-productivity-nb-no\/na\/fa1-kultur-og-ledelse-i-en-hybrid-hverdag-recap\/","title":{"rendered":"Kultur og ledelse i en hybrid hverdag recap"},"content":{"rendered":"<h2>Kultur og ledelse i en hybrid hverdag recap<\/h2>\n<p><span data-contrast=\"auto\">Den 29. mars avholdte vi eventet Kultur og ledelse i en hybrid hverdag i v\u00e5re kontorer i Bj\u00f8rvika. Som passer til temaet ble eventet avholdt hybrid, med deltagere b\u00e5de til stede i salen og digitalt.<\/span><span data-ccp-props=\"{}\"> I dette hybride eventet fra v\u00e5rt kontor har administrerende direkt\u00f8r Kristine Dahl Steidel og andre fra Microsoft Norge delt hvordan vi legger opp til at alle skal lykkes i en hybrid hverdag. Donatella De Paoli fra BI forteller om sin forskning i hvordan ledere lykkes i digitale arbeidsflater. Bj\u00f8rnar L\u00f8we Skas deler EY sine erfaringer og r\u00e5d om ledelse i en hybrid hverdag og deres visjoner for rollen til det fysiske kontoret.<\/span><\/p>\n<p><strong>Ressurser:\u00a0<\/strong><\/p>\n<ul>\n<li>Like du foredragene og \u00f8nsker \u00e5 se det igjen? Kan du gj\u00f8re det <a href=\"https:\/\/info.microsoft.com\/WE-HW-VDEO-FY22-04Apr-08-Culture-and-management-in-a-hybrid-everyday-life-SRGCM6535_LP01-Registration---Form-in-Body.html\">her<\/a>, Eller se h\u00f8ydepunktene <a href=\"https:\/\/www.youtube.com\/watch?v=dYlygPQAXNw\">her <\/a><\/li>\n<li>Presentasjonene fra dagen finner du <a href=\"https:\/\/1drv.ms\/u\/s!AqCU0EzDDUPYlTQ8hBLBnw6Y1kgE?e=heLTTG\">her<\/a><\/li>\n<\/ul>\n<ul>\n<li data-leveltext=\"\uf0b7\" data-font=\"Symbol\" data-listid=\"18\" aria-setsize=\"-1\" data-aria-posinset=\"1\" data-aria-level=\"1\"><span data-contrast=\"auto\">Interessert i mer om temaet hybrid arbeid? Bli med i v\u00e5rt webinar den 25. april <\/span><a href=\"https:\/\/mktoevents.com\/Microsoft+Event\/333165\/157-GQE-382?wt.mc_id=AID3046571_QSG_EML_586482\"><span data-contrast=\"none\">Microsoft Envision Europe: Make your organization a magnet for talent<\/span><\/a><span data-ccp-props=\"{&quot;335559739&quot;:0}\">\u00a0<\/span><\/li>\n<\/ul>\n<ul>\n<li data-leveltext=\"\uf0b7\" data-font=\"Symbol\" data-listid=\"18\" aria-setsize=\"-1\" data-aria-posinset=\"1\" data-aria-level=\"1\"><span data-contrast=\"auto\">Les mer om <\/span><a href=\"https:\/\/www.microsoft.com\/nb-no\/flexibility\/hybrid-work-solutions\"><span data-contrast=\"none\">Microsofts l\u00f8sninger for hybrid arbeid<\/span><\/a><span data-contrast=\"auto\">.\u00a0<\/span><span data-ccp-props=\"{&quot;335559739&quot;:0}\">\u00a0<\/span><\/li>\n<li data-leveltext=\"\uf0b7\" data-font=\"Symbol\" data-listid=\"18\" aria-setsize=\"-1\" data-aria-posinset=\"2\" data-aria-level=\"1\"><span data-contrast=\"auto\">L\u00e6r mer om teknologien som underst\u00f8tter den hybride arbeidshverdagen med v\u00e5re <\/span><a href=\"https:\/\/pulse.microsoft.com\/nb-no\/microsoft-discover-modern-work-workshops\/\"><span data-contrast=\"none\">Discover Workshops<\/span><\/a><span data-contrast=\"auto\"> og <\/span><a href=\"https:\/\/www.microsoft.com\/en-ie\/training-days\/microsoft-365\"><span data-contrast=\"none\">Virtuelle Treningsdager<\/span><\/a><span data-ccp-props=\"{&quot;335559739&quot;:0}\">\u00a0<\/span><\/li>\n<\/ul>\n","protected":false},"excerpt":{"rendered":"<p>Kultur og ledelse i en hybrid hverdag recap Den 29. mars avholdte vi eventet Kultur og ledelse i en hybrid hverdag i v\u00e5re kontorer i Bj\u00f8rvika. Som passer til temaet ble eventet avholdt hybrid, med deltagere b\u00e5de til stede i salen og digitalt. I dette hybride eventet fra v\u00e5rt kontor har administrerende direkt\u00f8r Kristine Dahl [&hellip;]<\/p>\n","protected":false},"author":342,"featured_media":661940,"comment_status":"closed","ping_status":"closed","sticky":false,"template":"","format":"standard","meta":{"footnotes":""},"categories":[],"class_list":["post-658949","post","type-post","status-publish","format-standard","has-post-thumbnail","hentry","specials-work-productivity-nb-no","stories-hvordan-kan-jeg-arbeide-overalt","stories-working-from-everywhere-nb-no","businessPriorities-modern-workplace-nb-no"],"_links":{"self":[{"href":"https:\/\/pulse.microsoft.com\/nb-no\/wp-json\/wp\/v2\/posts\/658949"}],"collection":[{"href":"https:\/\/pulse.microsoft.com\/nb-no\/wp-json\/wp\/v2\/posts"}],"about":[{"href":"https:\/\/pulse.microsoft.com\/nb-no\/wp-json\/wp\/v2\/types\/post"}],"author":[{"embeddable":true,"href":"https:\/\/pulse.microsoft.com\/nb-no\/wp-json\/wp\/v2\/users\/342"}],"replies":[{"embeddable":true,"href":"https:\/\/pulse.microsoft.com\/nb-no\/wp-json\/wp\/v2\/comments?post=658949"}],"version-history":[{"count":13,"href":"https:\/\/pulse.microsoft.com\/nb-no\/wp-json\/wp\/v2\/posts\/658949\/revisions"}],"predecessor-version":[{"id":682658,"href":"https:\/\/pulse.microsoft.com\/nb-no\/wp-json\/wp\/v2\/posts\/658949\/revisions\/682658"}],"wp:featuredmedia":[{"embeddable":true,"href":"https:\/\/pulse.microsoft.com\/nb-no\/wp-json\/wp\/v2\/media\/661940"}],"wp:attachment":[{"href":"https:\/\/pulse.microsoft.com\/nb-no\/wp-json\/wp\/v2\/media?parent=658949"}],"wp:term":[{"taxonomy":"category","embeddable":true,"href":"https:\/\/pulse.microsoft.com\/nb-no\/wp-json\/wp\/v2\/categories?post=658949"}],"curies":[{"name":"wp","href":"https:\/\/api.w.org\/{rel}","templated":true}]}}