{"id":480547,"date":"2021-04-20T12:49:31","date_gmt":"2021-04-20T11:49:31","guid":{"rendered":"https:\/\/pulse.microsoft.com\/?p=480547"},"modified":"2021-04-20T13:59:17","modified_gmt":"2021-04-20T12:59:17","slug":"fa1-lansering-goforit","status":"publish","type":"post","link":"https:\/\/pulse.microsoft.com\/nb-no\/sustainable-futures-nb-no\/education-nb-no\/fa1-lansering-goforit\/","title":{"rendered":"Lansering GoForIT"},"content":{"rendered":"<p>Lansering GoForIT: Bli med p\u00e5 fagseminar 21. april<\/p>\n<p>I april lanserer vi GoForIT sammen med \u00e5tte samarbeidspartnere! Vi mener at behovet for flere fagfolk som jobber skj\u00e6ringspunktet mellom digitalisering og b\u00e6rekraft er betydelig og \u00f8kende. GoForIT er en arena for samarbeid mellom akademia og n\u00e6ringslivet med form\u00e5l om \u00e5 diskutere, utvikle og p\u00e5virke innholdet i utdanningene innen IT, teknologi, innovasjon i en b\u00e6rekraftig retning.<\/p>\n<p>21. april kl. 0900 vil flere av samarbeidspartnerne som NTNU, Tekna, NITO, Universitetet i Agder, Bouvet, Sopra Steria, Dell, Atea, Telia, NMBU entre scenen for \u00e5 diskutere hvilken kunnskap er det AS Norge trener n\u00e5 og i tiden fremover &#8211; skj\u00e6ringspunktet mellom digitalisering og b\u00e6rekraft. Ta med kaffekoppen, og du vil m\u00f8te; Kommunal- og regionalminister Nikolai Astrup, Paul Chaffey, Statssekret\u00e6r, Anne Borg, Rektor p\u00e5 NTNU, \u00d8yvind Husby adm.dir i IKT-Norge og mange andre der iblandet v\u00e5r egen Viseadministrerende Nils Kristian Liveng-Ness.<\/p>\n<p>Se hele programmet og <a href=\"https:\/\/www.ikt-norge.no\/nyheter\/lansering-av-goforit\/?utm_source=linkedin&amp;utm_medium=feed&amp;utm_campaign=goforit21&amp;utm_content=microsoft\">meld deg p\u00e5 gratis her<\/a>.<\/p>\n<p>&nbsp;<\/p>\n","protected":false},"excerpt":{"rendered":"<p>Lansering GoForIT: Bli med p\u00e5 fagseminar 21. april I april lanserer vi GoForIT sammen med \u00e5tte samarbeidspartnere! Vi mener at behovet for flere fagfolk som jobber skj\u00e6ringspunktet mellom digitalisering og b\u00e6rekraft er betydelig og \u00f8kende. GoForIT er en arena for samarbeid mellom akademia og n\u00e6ringslivet med form\u00e5l om \u00e5 diskutere, utvikle og p\u00e5virke innholdet i [&hellip;]<\/p>\n","protected":false},"author":306,"featured_media":480598,"comment_status":"closed","ping_status":"closed","sticky":false,"template":"","format":"standard","meta":{"footnotes":""},"categories":[1907],"class_list":["post-480547","post","type-post","status-publish","format-standard","has-post-thumbnail","hentry","category-digital-transformation-nb-no","specials-sustainable-futures-nb-no","verticalIndustries-education-nb-no","stories-sustainable-collaboration-nb-no","stories-hvordan-kan-jeg-oke-produktiviteten-og-effektiviteten","businessPriorities-digital-transformation-nb-no"],"_links":{"self":[{"href":"https:\/\/pulse.microsoft.com\/nb-no\/wp-json\/wp\/v2\/posts\/480547"}],"collection":[{"href":"https:\/\/pulse.microsoft.com\/nb-no\/wp-json\/wp\/v2\/posts"}],"about":[{"href":"https:\/\/pulse.microsoft.com\/nb-no\/wp-json\/wp\/v2\/types\/post"}],"author":[{"embeddable":true,"href":"https:\/\/pulse.microsoft.com\/nb-no\/wp-json\/wp\/v2\/users\/306"}],"replies":[{"embeddable":true,"href":"https:\/\/pulse.microsoft.com\/nb-no\/wp-json\/wp\/v2\/comments?post=480547"}],"version-history":[{"count":4,"href":"https:\/\/pulse.microsoft.com\/nb-no\/wp-json\/wp\/v2\/posts\/480547\/revisions"}],"predecessor-version":[{"id":480700,"href":"https:\/\/pulse.microsoft.com\/nb-no\/wp-json\/wp\/v2\/posts\/480547\/revisions\/480700"}],"wp:featuredmedia":[{"embeddable":true,"href":"https:\/\/pulse.microsoft.com\/nb-no\/wp-json\/wp\/v2\/media\/480598"}],"wp:attachment":[{"href":"https:\/\/pulse.microsoft.com\/nb-no\/wp-json\/wp\/v2\/media?parent=480547"}],"wp:term":[{"taxonomy":"category","embeddable":true,"href":"https:\/\/pulse.microsoft.com\/nb-no\/wp-json\/wp\/v2\/categories?post=480547"}],"curies":[{"name":"wp","href":"https:\/\/api.w.org\/{rel}","templated":true}]}}