{"id":166043,"date":"2018-11-20T09:00:38","date_gmt":"2018-11-20T08:00:38","guid":{"rendered":"https:\/\/pulse.microsoft.com\/?p=166043"},"modified":"2019-02-04T16:33:19","modified_gmt":"2019-02-04T15:33:19","slug":"fa1-travail-et-vie-privee-la-collaboration-ultime","status":"publish","type":"post","link":"https:\/\/pulse.microsoft.com\/fr-be\/work-productivity-fr-be\/na\/fa1-travail-et-vie-privee-la-collaboration-ultime\/","title":{"rendered":"Travail et vie priv\u00e9e. La collaboration ultime."},"content":{"rendered":"<p class=\"intro\">Le monde \u00e9volue. Rapidement. C&rsquo;est passionnant. Nous pensons que le monde d&rsquo;aujourd&rsquo;hui ne laisse pas de place aux compromis. Il ne s&rsquo;agit plus de pond\u00e9rer la mobilit\u00e9 en fonction de la s\u00e9curit\u00e9, de choisir entre cr\u00e9ativit\u00e9 et productivit\u00e9, ou encore de jongler entre travail et vie priv\u00e9e. Il s&rsquo;agit de collaboration : nos priorit\u00e9s et nos passions se rejoignent dans une seule et m\u00eame histoire. Bienvenue \u00e0 l&rsquo;association du travail et de la vie priv\u00e9e\u00a0: l&rsquo;assemblage parfait de tous les aspects de votre vie.<\/p>\n<p><iframe loading=\"lazy\" title=\"Microsoft Work x Life\" width=\"500\" height=\"281\" src=\"https:\/\/www.youtube-nocookie.com\/embed\/00f3zGrwKdo?feature=oembed&#038;enablejsapi=1&#038;origin=https:%2F%2Fpulse.microsoft.com\" frameborder=\"0\" allow=\"accelerometer; autoplay; clipboard-write; encrypted-media; gyroscope; picture-in-picture; web-share\" referrerpolicy=\"strict-origin-when-cross-origin\" allowfullscreen><\/iframe><\/p>\n<h2><b>Red\u00e9finir l&rsquo;association du travail et de la vie priv\u00e9e<\/b><b>\u00a0<\/b><\/h2>\n<p>En\u00a02025, la g\u00e9n\u00e9ration du mill\u00e9naire constituera 75\u00a0% de la main d&rsquo;\u0153uvre mondiale. Ces employ\u00e9s couvriront tous les \u00e9chelons, du personnel de base aux cadres sup\u00e9rieurs.<\/p>\n<p>Les attitudes et attentes de cette g\u00e9n\u00e9ration \u00e0 l&rsquo;\u00e9gard du travail et de la vie priv\u00e9e red\u00e9finiront le mode d&rsquo;innovation des entreprises, la fa\u00e7on dont elles recrutent et retiennent leurs talents, ainsi que la fa\u00e7on dont elles pr\u00e9parent la r\u00e9ussite de leurs employ\u00e9s.<\/p>\n<p>Alors, quelles sont les attentes de cette g\u00e9n\u00e9ration\u00a0?<\/p>\n<p>Les employ\u00e9s veulent s&rsquo;investir enti\u00e8rement dans tout ce qu&rsquo;ils font. Afin de cr\u00e9er quand et o\u00f9 ils veulent, avec qui ils veulent.\u00a0Une flexibilit\u00e9 absolue,\u00a0<i>sans effort.<\/i><\/p>\n<h2><b>Une main d&rsquo;\u0153uvre mondiale<\/b><\/h2>\n<p>La mondialisation des entreprises s&rsquo;accentue. Les fronti\u00e8res temporelles, g\u00e9ographiques, spatiales et structurelles s&rsquo;estompent.<\/p>\n<p>Quelle que soit la taille de l&rsquo;entreprise, le travail ne s&rsquo;effectue plus entre 9 h\u00a0et\u00a017\u00a0h, cinq jours par semaine \u00e0 un bureau fixe. Les employ\u00e9s sont mobiles. La r\u00e9ussite implique de les connecter les uns aux autres, et de les connecter aux informations dont ils ont besoin, o\u00f9 qu&rsquo;ils se trouvent et \u00e0 tout moment.<\/p>\n<p>Il ne s&rsquo;agit pas uniquement de position g\u00e9ographique. Les entreprises s&rsquo;inspirent de mod\u00e8les de coworking tels que WeWork, qui permettent \u00e0 leurs employ\u00e9s de travailler o\u00f9 ils le souhaitent mais en leur donnant la flexibilit\u00e9 de visiter des bureaux modernes gr\u00e2ce \u00e0 des outils de collaboration num\u00e9riques qui transcendent les fronti\u00e8res g\u00e9ographiques.<\/p>\n<h2><b>Comprendre l&rsquo;association du travail et de la vie priv\u00e9e<\/b><\/h2>\n<p>Nous sommes convaincus que ces tendances sont essentielles car elles mettent en lumi\u00e8re les opportunit\u00e9s et les d\u00e9fis qui nous attendent dans les ann\u00e9es \u00e0 venir.<\/p>\n<p>Elles sugg\u00e8rent \u00e9galement des solutions : les technologies de nouvelle g\u00e9n\u00e9ration nous offrent de nouveaux moyens efficaces de renforcer les capacit\u00e9s des employ\u00e9s.<\/p>\n<p>Il n&rsquo;a jamais \u00e9t\u00e9 aussi passionnant de faire des affaires.<\/p>\n<p>Les entreprises qui survivront et prosp\u00e9reront seront celles qui apporteront une r\u00e9ponse aux questions suivantes\u00a0:<\/p>\n<ul>\n<li>Comment impliquer et motiver mes employ\u00e9s ?<\/li>\n<li>Qu&rsquo;est-ce qui boosterait leur cr\u00e9ativit\u00e9 ?<\/li>\n<li>Comment utiliser l&rsquo;IA de fa\u00e7on \u00e0 optimiser l&rsquo;efficacit\u00e9 de mes employ\u00e9s\u00a0?<\/li>\n<li>Comment cr\u00e9er un lieu de travail appr\u00e9ci\u00e9 de mes employ\u00e9s\u00a0?<\/li>\n<\/ul>\n","protected":false},"excerpt":{"rendered":"<p>Le monde \u00e9volue. Rapidement. C&rsquo;est passionnant. Nous pensons que le monde d&rsquo;aujourd&rsquo;hui ne laisse pas de place aux compromis. Il ne s&rsquo;agit plus de pond\u00e9rer la mobilit\u00e9 en fonction de la s\u00e9curit\u00e9, de choisir entre cr\u00e9ativit\u00e9 et productivit\u00e9, ou encore de jongler entre travail et vie priv\u00e9e. Il s&rsquo;agit de collaboration : nos priorit\u00e9s et [&hellip;]<\/p>\n","protected":false},"author":89,"featured_media":199094,"comment_status":"closed","ping_status":"closed","sticky":false,"template":"","format":"standard","meta":{"footnotes":""},"categories":[],"class_list":["post-166043","post","type-post","status-publish","format-standard","has-post-thumbnail","hentry","specials-work-productivity-fr-be","stories-comment-travailler-mieux-et-plus-vite","stories-flexibility-your-way-fr-be","businessPriorities-modern-workplace-fr-be"],"_links":{"self":[{"href":"https:\/\/pulse.microsoft.com\/fr-be\/wp-json\/wp\/v2\/posts\/166043"}],"collection":[{"href":"https:\/\/pulse.microsoft.com\/fr-be\/wp-json\/wp\/v2\/posts"}],"about":[{"href":"https:\/\/pulse.microsoft.com\/fr-be\/wp-json\/wp\/v2\/types\/post"}],"author":[{"embeddable":true,"href":"https:\/\/pulse.microsoft.com\/fr-be\/wp-json\/wp\/v2\/users\/89"}],"replies":[{"embeddable":true,"href":"https:\/\/pulse.microsoft.com\/fr-be\/wp-json\/wp\/v2\/comments?post=166043"}],"version-history":[{"count":6,"href":"https:\/\/pulse.microsoft.com\/fr-be\/wp-json\/wp\/v2\/posts\/166043\/revisions"}],"predecessor-version":[{"id":201674,"href":"https:\/\/pulse.microsoft.com\/fr-be\/wp-json\/wp\/v2\/posts\/166043\/revisions\/201674"}],"wp:featuredmedia":[{"embeddable":true,"href":"https:\/\/pulse.microsoft.com\/fr-be\/wp-json\/wp\/v2\/media\/199094"}],"wp:attachment":[{"href":"https:\/\/pulse.microsoft.com\/fr-be\/wp-json\/wp\/v2\/media?parent=166043"}],"wp:term":[{"taxonomy":"category","embeddable":true,"href":"https:\/\/pulse.microsoft.com\/fr-be\/wp-json\/wp\/v2\/categories?post=166043"}],"curies":[{"name":"wp","href":"https:\/\/api.w.org\/{rel}","templated":true}]}}