{"id":730520,"date":"2022-09-16T11:49:17","date_gmt":"2022-09-16T10:49:17","guid":{"rendered":"https:\/\/pulse.microsoft.com\/?p=730520"},"modified":"2022-09-16T11:49:19","modified_gmt":"2022-09-16T10:49:19","slug":"fa1-hybridiaika-vaatii-toimiston-uudistamista-tyopisteista-kokoustiloihin","status":"publish","type":"post","link":"https:\/\/pulse.microsoft.com\/fi-fi\/work-productivity-fi-fi\/na\/fa1-hybridiaika-vaatii-toimiston-uudistamista-tyopisteista-kokoustiloihin\/","title":{"rendered":"Hybridiaika vaatii toimiston uudistamista ty\u00f6pisteist\u00e4 kokoustiloihin"},"content":{"rendered":"<h2 class=\"intro\">Nelj\u00e4 toimiston suunnitteluperiaatetta, jotka luovat tiimille lis\u00e4\u00e4 yhteist\u00e4 aikaa<\/h2>\n<p>&nbsp;<\/p>\n<p class=\"intro\"><span data-contrast=\"auto\">Perinteinen toimisto on pohjimmiltaan <\/span><a href=\"https:\/\/www.microsoft.com\/en-us\/worklab\/satya-nadella-talks-to-adam-grant-about-the-future-of-work\"><span data-contrast=\"none\">yhteisty\u00f6n ty\u00f6kalu<\/span><\/a><span data-contrast=\"auto\">, joka auttaa tukemaan ty\u00f6ntekoa. Monet tiimity\u00f6skentelyn ty\u00f6kalut ovat uudistuneet hybridity\u00f6n aikakaudella, joten my\u00f6s toimistoa pit\u00e4\u00e4 p\u00e4ivitt\u00e4\u00e4 vastaamaan ty\u00f6ntekij\u00f6iden uusia ja muuttuneita tarpeita.\u00a0<\/span><span data-ccp-props=\"{&quot;201341983&quot;:0,&quot;335559739&quot;:160,&quot;335559740&quot;:259}\">\u00a0<\/span><\/p>\n<p><span data-contrast=\"auto\">Microsoft WorkLabin <\/span><a href=\"https:\/\/www.microsoft.com\/en-us\/worklab\/hybrid-work-guides\/how-to-make-in-person-time-count\"><span data-contrast=\"none\">hybridity\u00f6oppaassa<\/span><\/a><span data-contrast=\"auto\"> korostetaan, ett\u00e4 fyysiset ty\u00f6tilat ovat v\u00e4ltt\u00e4m\u00e4tt\u00f6mi\u00e4 tiimihengen ja yhteis\u00f6llisyyden rakentamiseksi. Ne vahvistavat siteit\u00e4 kollegoihin ja sitouttavat ihmisi\u00e4 yhti\u00f6n tavoitteisiin ja kulttuuriin. Ihmiset kuitenkin opettelevat edelleen hy\u00f6dynt\u00e4m\u00e4\u00e4n toimistoa uusilla tavoilla: vuoden 2022 <\/span><a href=\"https:\/\/news.microsoft.com\/fi-fi\/2022\/04\/13\/tyoelamatutkimus-hybridityon-kaytanteet-ovat-epaselvia\/\"><span data-contrast=\"none\">Work Trend Index -raporttimme<\/span><\/a><span data-contrast=\"auto\"> mukaan 44 prosenttia suomalaisista ty\u00f6ntekij\u00f6ist\u00e4 sanoo, ett\u00e4 heid\u00e4n suurin haasteensa on hahmottaa, milloin ja miksi heid\u00e4n pit\u00e4isi tulla toimistolle.<\/span><span data-ccp-props=\"{&quot;201341983&quot;:0,&quot;335559739&quot;:160,&quot;335559740&quot;:259}\">\u00a0<\/span><\/p>\n<p><span data-contrast=\"auto\">Johtajien vastuulla onkin luoda ymp\u00e4rist\u00f6, jossa ty\u00f6skentelemisest\u00e4 ihmiset todella nauttivat. Tilojen pit\u00e4isi palvella sek\u00e4 ihmisi\u00e4, jotka ovat toimistolla, ett\u00e4 kollegoja, jotka ovat paikalla virtuaalisesti. Tilat tulisi uudistaa houkuttelevimmiksi ja paremmin uusiin ty\u00f6nteon tapoihin sopiviksi. Etenkin t\u00e4n\u00e4 \u00e4\u00e4rimm\u00e4isen nopean muutoksen aikana kaiken ei kuitenkaan tarvitse tapahtua kerralla. Toimitilojen uudistuksen ei tarvitse my\u00f6sk\u00e4\u00e4n olla erityisen hintava tai vaatia kattavia rakennust\u00f6it\u00e4 taloudellisesti ep\u00e4varmoina aikoina, jolloin moni johtaja v\u00e4lttelee sitoutumista suuriin hankintoihin.<\/span><span data-ccp-props=\"{&quot;201341983&quot;:0,&quot;335559739&quot;:160,&quot;335559740&quot;:259}\">\u00a0<\/span><\/p>\n<p><span data-contrast=\"auto\">Haastattelimme Microsoftin design- ja kiinteist\u00f6johtajia sek\u00e4 lukuisia arkkitehti- ja suunnittelutoimistoja selvitt\u00e4\u00e4ksemme, miten johtajien pit\u00e4isi arvioida yritystens\u00e4 nykyisi\u00e4 fyysisi\u00e4 tiloja ja auttaa suunnittelemaan tiloja, joihin ty<\/span><span data-contrast=\"auto\">\u00f6ntekij\u00e4t palaavat<\/span><span data-contrast=\"auto\"> mielell\u00e4\u00e4n. <\/span><b><span data-contrast=\"auto\">Suunnitteluperiaatteita nousi esiin nelj\u00e4<\/span><\/b><span data-contrast=\"auto\">: tulevaisuuden ty\u00f6tilojen pit\u00e4isi olla joustavia ja mahdollistaa hybridity\u00f6, niiden pit\u00e4isi edist\u00e4\u00e4 hyvinvointia sek\u00e4 olla esteett\u00f6mi\u00e4 ja niiden pit\u00e4isi ilahduttaa ty\u00f6ntekij\u00f6it\u00e4.<\/span><span data-ccp-props=\"{&quot;201341983&quot;:0,&quot;335559739&quot;:160,&quot;335559740&quot;:259}\">\u00a0<\/span><\/p>\n<h2>Joustava ty\u00f6tila<\/h2>\n<p><span data-contrast=\"auto\">Avokonttoreilla on huono maine \u2013 muistatko ty\u00f6p\u00f6ytien rivit, jotka eiv\u00e4t tarjonneet lainkaan yksityisyytt\u00e4? Monet vastik\u00e4\u00e4n p\u00e4ivitetyt toimistotilat ovat kuitenkin kaikkea muuta kuin harmaita saleja p\u00f6yt\u00e4riveineen \u2013 sen sijaan ne suosivat tiimity<\/span><span data-contrast=\"auto\">\u00f6t\u00e4<\/span><span data-contrast=\"auto\"> ja \u201dnaapurustoja\u201d.<\/span><span data-ccp-props=\"{&quot;201341983&quot;:0,&quot;335559739&quot;:160,&quot;335559740&quot;:259}\">\u00a0<\/span><\/p>\n<p><span data-contrast=\"auto\">\u201dTy\u00f6p\u00f6yt\u00e4, jota ei ymp\u00e4r\u00f6i nelj\u00e4 sein\u00e4\u00e4, ei ole automaattisesti avoin tila\u201d, sanoo Microsoftin globaali ty\u00f6paikkastrategi <\/span><b><span data-contrast=\"auto\">John Scherer<\/span><\/b><span data-contrast=\"auto\">. Tiimeille tarkoitettujen tilojen tulisi keskitty\u00e4 yhteisty\u00f6h\u00f6n, innovointiin ja toimintapohjaisen ty\u00f6n tukemiseen. Mit\u00e4 t\u00e4m\u00e4 tarkoittaa k\u00e4yt\u00e4nn\u00f6ss\u00e4?<\/span><span data-ccp-props=\"{&quot;201341983&quot;:0,&quot;335559739&quot;:160,&quot;335559740&quot;:259}\">\u00a0<\/span><\/p>\n<p><span data-contrast=\"auto\">\u201dErilaisten tilojen ekosysteemi<\/span><span data-contrast=\"auto\">\u00e4<\/span><span data-contrast=\"auto\">, joka palvelee k\u00e4ytt\u00e4j\u00e4n erilaisia ty\u00f6n ja vuorovaikutuksen tarpeita k\u00e4ytt\u00e4j\u00e4n aikataulun mukaisesti\u201d, Scherer sanoo.<\/span><span data-ccp-props=\"{&quot;201341983&quot;:0,&quot;335559739&quot;:160,&quot;335559740&quot;:259}\">\u00a0<\/span><\/p>\n<p><span data-contrast=\"auto\">Joustavien kokoushuoneiden ja ty\u00f6paikan \u201dnaapurustojen\u201d avulla ty\u00f6ntekij\u00e4t voivat tehd\u00e4 yhteisty\u00f6t\u00e4 tavoilla, jotka sopivat parhaiten heille itselleen ja senhetkiseen ty\u00f6teht\u00e4v\u00e4\u00e4n. Toimistolla voi olla esimerkiksi erillisi\u00e4 tiloja pienryhm\u00e4ty\u00f6h\u00f6n, hiljaisia tiloja keskittymist\u00e4 vaativaan ty\u00f6h\u00f6n tai tiimitiloja, joita voidaan mukauttaa tarpeiden mukaisesti.<\/span><span data-ccp-props=\"{&quot;201341983&quot;:0,&quot;335559739&quot;:160,&quot;335559740&quot;:259}\">\u00a0<\/span><\/p>\n<p><span data-contrast=\"auto\">\u201dOn eritt\u00e4in t\u00e4rke\u00e4\u00e4 rakentaa tilat intuitiivisiksi\u201d, Microsoftin globaali kiinteist\u00f6jen ja rakentamisen digitalisaatiojohtaja <\/span><b><span data-contrast=\"auto\">Mike Messer <\/span><\/b><span data-contrast=\"auto\">sanoo. Kun tilojen joustavuus vied\u00e4\u00e4n<\/span><span data-contrast=\"auto\"> \u00e4\u00e4rimmilleen,<\/span><span data-contrast=\"auto\"> haasteeksi muodostuu kuitenkin usein, ett\u00e4 ty\u00f6ntekij\u00e4t eiv\u00e4t tied\u00e4, miten kalusteet tulisi j\u00e4rjest\u00e4\u00e4 tai ett\u00e4 niiden j\u00e4rjesteleminen itse edes on sallittua. Messer suosittelee, ett\u00e4 tilan k\u00e4ytt\u00e4jille kerrotaan erikseen, ett\u00e4 tilaa saa mukauttaa, ja ett\u00e4 heille annetaan t\u00e4st\u00e4 esimerkkej\u00e4.<\/span><span data-ccp-props=\"{&quot;201341983&quot;:0,&quot;335559739&quot;:160,&quot;335559740&quot;:259}\">\u00a0<\/span><\/p>\n<p><span data-contrast=\"auto\">\u201dLuo pari-kolme mallia tilan j\u00e4rjestyksest\u00e4 erilaista vuorovaikutusta varten \u2013 yksi et\u00e4n\u00e4 ty\u00f6skentelev\u00e4\u00e4 tiimi\u00e4, yksi brainstorming-hetke\u00e4 varten, ja niin edelleen\u201d, Messer sanoo. Apuna voi k\u00e4ytt\u00e4\u00e4 tarroja ja julisteita, joissa on esimerkkej\u00e4 eri j\u00e4rjestyksist\u00e4 tai jotka osoittavat siirrelt\u00e4v\u00e4t kalusteet.<\/span><span data-ccp-props=\"{&quot;201341983&quot;:0,&quot;335559739&quot;:160,&quot;335559740&quot;:259}\">\u00a0<\/span><\/p>\n<p><span data-contrast=\"auto\">Muista my\u00f6s varmistaa virransaanti. Pistorasiapylv\u00e4iden tai siirrelt\u00e4vien langattomien latureiden avulla huonekaluja ei tarvitse aina sijoittaa pistorasioiden vierelle ja ty\u00f6ntekij\u00e4t voivat ty\u00f6skennell\u00e4 joustavasti mist\u00e4 tahansa.<\/span><span data-ccp-props=\"{&quot;201341983&quot;:0,&quot;335559739&quot;:160,&quot;335559740&quot;:259}\">\u00a0<\/span><\/p>\n<p><span data-contrast=\"auto\">Jos ihmiset eiv\u00e4t ty\u00f6skentele perinteisen yhdeks\u00e4st\u00e4 viiteen kest\u00e4v\u00e4n ty\u00f6p\u00e4iv\u00e4n mukaisesti tai edes joka p\u00e4iv\u00e4 samalla ty\u00f6pisteell\u00e4, on t\u00e4rke\u00e4\u00e4 tarjota ty\u00f6ntekij\u00f6ille keino l\u00f6yt\u00e4\u00e4 toisensa. Microsoftin sis\u00e4inen henkil\u00f6st\u00f6sovellus n\u00e4ytt\u00e4\u00e4 pian ty\u00f6ntekij\u00e4lle, miss\u00e4 tiimil\u00e4iset ja muut kollegat ovat toimistolla. Se my\u00f6s n\u00e4ytt\u00e4\u00e4, mist\u00e4 p\u00e4in toimistoa l\u00f6ytyy vapaata tilaa.<\/span><span data-ccp-props=\"{&quot;201341983&quot;:0,&quot;335559739&quot;:160,&quot;335559740&quot;:259}\">\u00a0<\/span><\/p>\n<p><span data-contrast=\"auto\">\u201dTavoitteenamme on, ett\u00e4 ihmiset voisivat tulevaisuudessa jakaa oman sijaintinsa toimistolla. Jos l\u00f6yt\u00e4\u00e4 mahtavan sopen ja haluaa kutsua sinne jonkun tapaamaan itse\u00e4\u00e4n, kollegalle voisi jakaa sijainnin, ja h\u00e4n voisi suunnistaa kutsujan luokse\u201d, Messer kuvailee.<\/span><span data-ccp-props=\"{&quot;201341983&quot;:0,&quot;335559739&quot;:160,&quot;335559740&quot;:259}\">\u00a0<\/span><\/p>\n<h2>Ole joustava<\/h2>\n<p><span data-contrast=\"auto\">Tarjoa ihmisille mahdollisuus j\u00e4rjestell\u00e4 ymp\u00e4rist\u00f6\u00e4<\/span><span data-contrast=\"auto\">\u00e4n<\/span><span data-contrast=\"auto\"> \u2013 jopa virtal\u00e4hteen sijaintia.<\/span><span data-ccp-props=\"{&quot;201341983&quot;:0,&quot;335559739&quot;:160,&quot;335559740&quot;:259,&quot;469777462&quot;:[7675],&quot;469777927&quot;:[0],&quot;469777928&quot;:[1]}\">\u00a0<\/span><\/p>\n<p>&nbsp;<\/p>\n\n\t\t<style type=\"text\/css\">\n\t\t\t#gallery-1 {\n\t\t\t\tmargin: auto;\n\t\t\t}\n\t\t\t#gallery-1 .gallery-item {\n\t\t\t\tfloat: left;\n\t\t\t\tmargin-top: 10px;\n\t\t\t\ttext-align: center;\n\t\t\t\twidth: 20%;\n\t\t\t}\n\t\t\t#gallery-1 img {\n\t\t\t\tborder: 2px solid #cfcfcf;\n\t\t\t}\n\t\t\t#gallery-1 .gallery-caption {\n\t\t\t\tmargin-left: 0;\n\t\t\t}\n\t\t\t\/* see gallery_shortcode() in wp-includes\/media.php *\/\n\t\t<\/style>\n\t\t<div id='gallery-1' class='gallery galleryid-730520 gallery-columns-5 gallery-size-medium'><dl class='gallery-item'>\n\t\t\t<dt class='gallery-icon landscape'>\n\t\t\t\t<a href='https:\/\/pulse.microsoft.com\/fi-fi\/work-productivity-fi-fi\/na\/fa1-hybridiaika-vaatii-toimiston-uudistamista-tyopisteista-kokoustiloihin\/1-msft_worklab_spaces_article_desktoptabletmobile_gallery_flexibility1_840x480\/'><img loading=\"lazy\" decoding=\"async\" width=\"300\" height=\"171\" src=\"\/wp-content\/uploads\/2022\/09\/1-MSFT_WorkLab_Spaces_Article_DesktopTabletMobile_Gallery_Flexibility1_840x480-300x171.png\" class=\"attachment-medium size-medium\" alt=\"\" aria-describedby=\"gallery-1-730679\" srcset=\"\/wp-content\/uploads\/2022\/09\/1-MSFT_WorkLab_Spaces_Article_DesktopTabletMobile_Gallery_Flexibility1_840x480-300x171.png 300w, \/wp-content\/uploads\/2022\/09\/1-MSFT_WorkLab_Spaces_Article_DesktopTabletMobile_Gallery_Flexibility1_840x480-768x439.png 768w, \/wp-content\/uploads\/2022\/09\/1-MSFT_WorkLab_Spaces_Article_DesktopTabletMobile_Gallery_Flexibility1_840x480.png 840w\" sizes=\"(max-width: 300px) 100vw, 300px\" data-contrast=\"\" \/><\/a>\n\t\t\t<\/dt>\n\t\t\t\t<dd class='wp-caption-text gallery-caption' id='gallery-1-730679'>\n\t\t\t\t\u201dVoit mukauttaa tilan tarpeisiisi sen sijaan, ett\u00e4 turhaudut siit\u00e4, ett\u00e4 tila ei ole toimiva ja parempaa ei ole saatavilla\u201d, Steelcasen designjohtaja Cherie Johnson sanoo. \n\t\t\t\t<\/dd><\/dl><dl class='gallery-item'>\n\t\t\t<dt class='gallery-icon landscape'>\n\t\t\t\t<a href='https:\/\/pulse.microsoft.com\/fi-fi\/work-productivity-fi-fi\/na\/fa1-hybridiaika-vaatii-toimiston-uudistamista-tyopisteista-kokoustiloihin\/2-msft_worklab_spaces_article_desktoptabletmobile_gallery_flexibility2_840x480\/'><img loading=\"lazy\" decoding=\"async\" width=\"300\" height=\"171\" src=\"\/wp-content\/uploads\/2022\/09\/2-MSFT_WorkLab_Spaces_Article_DesktopTabletMobile_Gallery_Flexibility2_840x480-300x171.png\" class=\"attachment-medium size-medium\" alt=\"\" aria-describedby=\"gallery-1-730724\" srcset=\"\/wp-content\/uploads\/2022\/09\/2-MSFT_WorkLab_Spaces_Article_DesktopTabletMobile_Gallery_Flexibility2_840x480-300x171.png 300w, \/wp-content\/uploads\/2022\/09\/2-MSFT_WorkLab_Spaces_Article_DesktopTabletMobile_Gallery_Flexibility2_840x480-768x439.png 768w, \/wp-content\/uploads\/2022\/09\/2-MSFT_WorkLab_Spaces_Article_DesktopTabletMobile_Gallery_Flexibility2_840x480.png 840w\" sizes=\"(max-width: 300px) 100vw, 300px\" data-contrast=\"\" \/><\/a>\n\t\t\t<\/dt>\n\t\t\t\t<dd class='wp-caption-text gallery-caption' id='gallery-1-730724'>\n\t\t\t\tPy\u00f6r\u00e4t, kahvat ja muut visuaaliset elementit osoittavat, ett\u00e4 ty\u00f6ntekij\u00e4 voi siirt\u00e4\u00e4 huonekaluja ja muokata tilaa haluamallaan tavalla. \n\t\t\t\t<\/dd><\/dl><dl class='gallery-item'>\n\t\t\t<dt class='gallery-icon landscape'>\n\t\t\t\t<a href='https:\/\/pulse.microsoft.com\/fi-fi\/work-productivity-fi-fi\/na\/fa1-hybridiaika-vaatii-toimiston-uudistamista-tyopisteista-kokoustiloihin\/3-msft_worklab_spaces_article_desktoptabletmobile_gallery_flexibility3_840x480\/'><img loading=\"lazy\" decoding=\"async\" width=\"300\" height=\"171\" src=\"\/wp-content\/uploads\/2022\/09\/3-MSFT_WorkLab_Spaces_Article_DesktopTabletMobile_Gallery_Flexibility3_840x480-300x171.png\" class=\"attachment-medium size-medium\" alt=\"\" aria-describedby=\"gallery-1-730769\" srcset=\"\/wp-content\/uploads\/2022\/09\/3-MSFT_WorkLab_Spaces_Article_DesktopTabletMobile_Gallery_Flexibility3_840x480-300x171.png 300w, \/wp-content\/uploads\/2022\/09\/3-MSFT_WorkLab_Spaces_Article_DesktopTabletMobile_Gallery_Flexibility3_840x480-768x439.png 768w, \/wp-content\/uploads\/2022\/09\/3-MSFT_WorkLab_Spaces_Article_DesktopTabletMobile_Gallery_Flexibility3_840x480.png 840w\" sizes=\"(max-width: 300px) 100vw, 300px\" data-contrast=\"\" \/><\/a>\n\t\t\t<\/dt>\n\t\t\t\t<dd class='wp-caption-text gallery-caption' id='gallery-1-730769'>\n\t\t\t\t\u201dYksi \u00e4\u00e4rimm\u00e4isen helppo keino on tuoda huoneeseen liikkuvalla telineell\u00e4 kulkeva ja akulla varustettu Surface Hub. T\u00e4ll\u00f6in ty\u00f6ntekij\u00e4 voi soittaa ihmisille Teamsilla, k\u00e4ytt\u00e4\u00e4 kaikkia Surface Hubiin rakennettuja kamera- ja videokokousominaisuuksia ja liikkua paikasta toiseen tarpeen mukaan\u201d, Messer sanoo. \n\t\t\t\t<\/dd><\/dl><dl class='gallery-item'>\n\t\t\t<dt class='gallery-icon landscape'>\n\t\t\t\t<a href='https:\/\/pulse.microsoft.com\/fi-fi\/work-productivity-fi-fi\/na\/fa1-hybridiaika-vaatii-toimiston-uudistamista-tyopisteista-kokoustiloihin\/4-msft_worklab_spaces_article_desktoptabletmobile_gallery_flexibility4_840x480\/'><img loading=\"lazy\" decoding=\"async\" width=\"300\" height=\"171\" src=\"\/wp-content\/uploads\/2022\/09\/4-MSFT_WorkLab_Spaces_Article_DesktopTabletMobile_Gallery_Flexibility4_840x480-300x171.png\" class=\"attachment-medium size-medium\" alt=\"\" aria-describedby=\"gallery-1-730814\" srcset=\"\/wp-content\/uploads\/2022\/09\/4-MSFT_WorkLab_Spaces_Article_DesktopTabletMobile_Gallery_Flexibility4_840x480-300x171.png 300w, \/wp-content\/uploads\/2022\/09\/4-MSFT_WorkLab_Spaces_Article_DesktopTabletMobile_Gallery_Flexibility4_840x480-768x439.png 768w, \/wp-content\/uploads\/2022\/09\/4-MSFT_WorkLab_Spaces_Article_DesktopTabletMobile_Gallery_Flexibility4_840x480.png 840w\" sizes=\"(max-width: 300px) 100vw, 300px\" data-contrast=\"\" \/><\/a>\n\t\t\t<\/dt>\n\t\t\t\t<dd class='wp-caption-text gallery-caption' id='gallery-1-730814'>\n\t\t\t\t\u201dVirtal\u00e4hteit\u00e4 pit\u00e4isi olla kaikkialla. Tutkimuksissamme olemme havainneet, ett\u00e4 ihmiset istuvat usein toimistolla kummallisissa asennoissa, kun he eiv\u00e4t l\u00f6yd\u00e4 pistoketta tai videopuhelu uhkaa kuluttaa heid\u00e4n akkunsa loppuun\u201d, Johnson sanoo. \n\t\t\t\t<\/dd><\/dl><dl class='gallery-item'>\n\t\t\t<dt class='gallery-icon landscape'>\n\t\t\t\t<a href='https:\/\/pulse.microsoft.com\/fi-fi\/work-productivity-fi-fi\/na\/fa1-hybridiaika-vaatii-toimiston-uudistamista-tyopisteista-kokoustiloihin\/5-msft_worklab_spaces_article_desktoptabletmobile_gallery_flexibility5_840x480\/'><img loading=\"lazy\" decoding=\"async\" width=\"300\" height=\"171\" src=\"\/wp-content\/uploads\/2022\/09\/5-MSFT_WorkLab_Spaces_Article_DesktopTabletMobile_Gallery_Flexibility5_840x480-300x171.png\" class=\"attachment-medium size-medium\" alt=\"\" aria-describedby=\"gallery-1-730859\" srcset=\"\/wp-content\/uploads\/2022\/09\/5-MSFT_WorkLab_Spaces_Article_DesktopTabletMobile_Gallery_Flexibility5_840x480-300x171.png 300w, \/wp-content\/uploads\/2022\/09\/5-MSFT_WorkLab_Spaces_Article_DesktopTabletMobile_Gallery_Flexibility5_840x480-768x439.png 768w, \/wp-content\/uploads\/2022\/09\/5-MSFT_WorkLab_Spaces_Article_DesktopTabletMobile_Gallery_Flexibility5_840x480.png 840w\" sizes=\"(max-width: 300px) 100vw, 300px\" data-contrast=\"\" \/><\/a>\n\t\t\t<\/dt>\n\t\t\t\t<dd class='wp-caption-text gallery-caption' id='gallery-1-730859'>\n\t\t\t\tTy\u00f6paikan \u201dnaapurustoissa\u201d voidaan luoda akustisten paneelien avulla keskittymistiloja, koppeja ja rajoja. Ty\u00f6ntekij\u00e4t voivat liikuttaa paneeleja tilassa sinne, miss\u00e4 he niit\u00e4 tarvitsevat ja miss\u00e4 he kaipaavat niiden tarjoamaa suojaa. \n\t\t\t\t<\/dd><\/dl><br style=\"clear: both\" \/>\n\t\t<\/div>\n\n<h2>Hybridi ty\u00f6tila<\/h2>\n<p><span data-contrast=\"auto\">Vaikka osa tiimist\u00e4 olisikin fyysisesti paikalla toimistolla, osa osallistuu palavereihin p\u00e4\u00e4asiassa et\u00e4n<\/span><span data-contrast=\"auto\">\u00e4<\/span><span data-contrast=\"auto\"> kokoushuoneen n\u00e4yt\u00f6n kautta. Kokemukset hybridipalavereista eiv\u00e4t ole kenties aina olleet erityisen sujuvia, mutta muutama toimenpide voi parantaa tilannetta.<\/span><span data-ccp-props=\"{&quot;201341983&quot;:0,&quot;335559739&quot;:160,&quot;335559740&quot;:259,&quot;469777462&quot;:[7675],&quot;469777927&quot;:[0],&quot;469777928&quot;:[1]}\">\u00a0<\/span><\/p>\n<p><span data-contrast=\"auto\">T\u00e4rke\u00e4 vaihe on arvioida uudelleen kameroiden asennuspaikat. \u201dHuolehdi, ett<\/span><span data-contrast=\"auto\">\u00e4 <\/span><span data-contrast=\"auto\">kokoushuoneen kamera on kohdistettu oikein eik\u00e4 kuvaa esimerkiksi osallistujien p\u00e4\u00e4lakia\u201d, Johnson sanoo. Tilassa teht\u00e4v\u00e4n ty\u00f6n luonteesta riippuen kamerat kannattaa sijoittaa luonnolliselle silm\u00e4nkorkeudelle tai eri kulmiin.<\/span><span data-ccp-props=\"{&quot;201341983&quot;:0,&quot;335559739&quot;:160,&quot;335559740&quot;:259,&quot;469777462&quot;:[7675],&quot;469777927&quot;:[0],&quot;469777928&quot;:[1]}\">\u00a0<\/span><\/p>\n<p><span data-contrast=\"auto\">Arvioi, mit\u00e4 teknologiaa miss\u00e4kin huoneessa tarvitaan. Pieness\u00e4 kokoushuoneessa yksi integroitu kamera, kaiutin ja mikrofoni riitt\u00e4v\u00e4t. Suuremmassa huoneessa tarvitaan v\u00e4hint\u00e4\u00e4n kaksi mikrofonia ja kaiutinta. Eritt\u00e4in suuret huoneet vaativat kattoon asennettuja kaiuttimia ja mikrofoneja. On t\u00e4rke\u00e4\u00e4, ett\u00e4 kaikkien huoneessa olevien \u00e4\u00e4ni kuuluu selke\u00e4sti. Digitaalisten n\u00e4ytt\u00f6jen ja perinteisten tussitaulujen yhdisteleminen mahdollistaa monipuoliset yhteisty\u00f6n ja luovan ty\u00f6n muodot.<\/span><span data-ccp-props=\"{&quot;201341983&quot;:0,&quot;335559739&quot;:160,&quot;335559740&quot;:259,&quot;469777462&quot;:[7675],&quot;469777927&quot;:[0],&quot;469777928&quot;:[1]}\">\u00a0<\/span><\/p>\n<p><span data-contrast=\"auto\">My\u00f6s p\u00f6yd\u00e4n muotoon on syyt\u00e4 kiinnitt\u00e4\u00e4 huomiota. Kitaraplektran muotoiset p\u00f6yd\u00e4t sopivat hyvin hybridin\u00e4 tapahtuvaan yhteisty\u00f6h\u00f6n. Huoneessa olevat voivat kokoontua sujuvasti p\u00f6yd\u00e4n ymp\u00e4rille ja istua silti kasvot kameran ja n\u00e4yt\u00f6n suuntaan n\u00e4hden et\u00e4osallistujat. \u201dHuoneessa olevien vuorovaikutus et\u00e4osallistujiin on luontevaa, mutta he istuvat my\u00f6s sopivassa asetelmassa toisiinsa n\u00e4hden\u201d, Messer sanoo.<\/span><span data-ccp-props=\"{&quot;201341983&quot;:0,&quot;335559739&quot;:160,&quot;335559740&quot;:259,&quot;469777462&quot;:[7675],&quot;469777927&quot;:[0],&quot;469777928&quot;:[1]}\">\u00a0<\/span><\/p>\n<p>&nbsp;<\/p>\n\n\t\t<style type=\"text\/css\">\n\t\t\t#gallery-2 {\n\t\t\t\tmargin: auto;\n\t\t\t}\n\t\t\t#gallery-2 .gallery-item {\n\t\t\t\tfloat: left;\n\t\t\t\tmargin-top: 10px;\n\t\t\t\ttext-align: center;\n\t\t\t\twidth: 25%;\n\t\t\t}\n\t\t\t#gallery-2 img {\n\t\t\t\tborder: 2px solid #cfcfcf;\n\t\t\t}\n\t\t\t#gallery-2 .gallery-caption {\n\t\t\t\tmargin-left: 0;\n\t\t\t}\n\t\t\t\/* see gallery_shortcode() in wp-includes\/media.php *\/\n\t\t<\/style>\n\t\t<div id='gallery-2' class='gallery galleryid-730520 gallery-columns-4 gallery-size-medium'><dl class='gallery-item'>\n\t\t\t<dt class='gallery-icon landscape'>\n\t\t\t\t<a href='https:\/\/pulse.microsoft.com\/fi-fi\/work-productivity-fi-fi\/na\/fa1-hybridiaika-vaatii-toimiston-uudistamista-tyopisteista-kokoustiloihin\/6-msft_worklab_spaces_article_desktoptabletmobile_gallery_hybrid1_840x480\/'><img loading=\"lazy\" decoding=\"async\" width=\"300\" height=\"171\" src=\"\/wp-content\/uploads\/2022\/09\/6-MSFT_WorkLab_Spaces_Article_DesktopTabletMobile_Gallery_Hybrid1_840x480-300x171.png\" class=\"attachment-medium size-medium\" alt=\"\" aria-describedby=\"gallery-2-730904\" srcset=\"\/wp-content\/uploads\/2022\/09\/6-MSFT_WorkLab_Spaces_Article_DesktopTabletMobile_Gallery_Hybrid1_840x480-300x171.png 300w, \/wp-content\/uploads\/2022\/09\/6-MSFT_WorkLab_Spaces_Article_DesktopTabletMobile_Gallery_Hybrid1_840x480-768x439.png 768w, \/wp-content\/uploads\/2022\/09\/6-MSFT_WorkLab_Spaces_Article_DesktopTabletMobile_Gallery_Hybrid1_840x480.png 840w\" sizes=\"(max-width: 300px) 100vw, 300px\" data-contrast=\"\" \/><\/a>\n\t\t\t<\/dt>\n\t\t\t\t<dd class='wp-caption-text gallery-caption' id='gallery-2-730904'>\n\t\t\t\t\u201dPerinteinen kokoushuone on suunniteltu tunnin kest\u00e4v\u00e4\u00e4 keskustelua varten, ja Teams tukee t\u00e4t\u00e4 digitaalisessa muodossa eritt\u00e4in hyvin. Voimmekin muuttaa t\u00e4m\u00e4n alkuper\u00e4isen fyysisen huoneen joksikin, mik\u00e4 tuntuu t\u00e4ysin erilaiselta \u2013 merkityksellisemm\u00e4lt\u00e4, mukautuvammalta ja immersiivisemm\u00e4lt\u00e4\u201d, Herman Millerin globaali tutkimusjohtaja Ryan Anderson sanoo. \n\t\t\t\t<\/dd><\/dl><dl class='gallery-item'>\n\t\t\t<dt class='gallery-icon landscape'>\n\t\t\t\t<a href='https:\/\/pulse.microsoft.com\/fi-fi\/work-productivity-fi-fi\/na\/fa1-hybridiaika-vaatii-toimiston-uudistamista-tyopisteista-kokoustiloihin\/7-msft_worklab_spaces_article_desktoptabletmobile_gallery_hybrid2_840x480\/'><img loading=\"lazy\" decoding=\"async\" width=\"300\" height=\"171\" src=\"\/wp-content\/uploads\/2022\/09\/7-MSFT_WorkLab_Spaces_Article_DesktopTabletMobile_Gallery_Hybrid2_840x480-300x171.png\" class=\"attachment-medium size-medium\" alt=\"\" aria-describedby=\"gallery-2-730949\" srcset=\"\/wp-content\/uploads\/2022\/09\/7-MSFT_WorkLab_Spaces_Article_DesktopTabletMobile_Gallery_Hybrid2_840x480-300x171.png 300w, \/wp-content\/uploads\/2022\/09\/7-MSFT_WorkLab_Spaces_Article_DesktopTabletMobile_Gallery_Hybrid2_840x480-768x439.png 768w, \/wp-content\/uploads\/2022\/09\/7-MSFT_WorkLab_Spaces_Article_DesktopTabletMobile_Gallery_Hybrid2_840x480.png 840w\" sizes=\"(max-width: 300px) 100vw, 300px\" data-contrast=\"\" \/><\/a>\n\t\t\t<\/dt>\n\t\t\t\t<dd class='wp-caption-text gallery-caption' id='gallery-2-730949'>\n\t\t\t\t\u201dNeuvomme asiakkaitamme piirt\u00e4m\u00e4\u00e4n huoneen pohjakuvan kalusteineen ja merkitsem\u00e4\u00e4n siihen kameran n\u00e4k\u00f6linjat tai mieluiten jopa luonnostelemaan kuvan kameran perspektiivist\u00e4\u201d, Anderson sanoo. \n\t\t\t\t<\/dd><\/dl><dl class='gallery-item'>\n\t\t\t<dt class='gallery-icon landscape'>\n\t\t\t\t<a href='https:\/\/pulse.microsoft.com\/fi-fi\/work-productivity-fi-fi\/na\/fa1-hybridiaika-vaatii-toimiston-uudistamista-tyopisteista-kokoustiloihin\/8-msft_worklab_spaces_article_desktoptabletmobile_gallery_hybrid3_840x480\/'><img loading=\"lazy\" decoding=\"async\" width=\"300\" height=\"171\" src=\"\/wp-content\/uploads\/2022\/09\/8-MSFT_WorkLab_Spaces_Article_DesktopTabletMobile_Gallery_Hybrid3_840x480-300x171.png\" class=\"attachment-medium size-medium\" alt=\"\" aria-describedby=\"gallery-2-730994\" srcset=\"\/wp-content\/uploads\/2022\/09\/8-MSFT_WorkLab_Spaces_Article_DesktopTabletMobile_Gallery_Hybrid3_840x480-300x171.png 300w, \/wp-content\/uploads\/2022\/09\/8-MSFT_WorkLab_Spaces_Article_DesktopTabletMobile_Gallery_Hybrid3_840x480-768x439.png 768w, \/wp-content\/uploads\/2022\/09\/8-MSFT_WorkLab_Spaces_Article_DesktopTabletMobile_Gallery_Hybrid3_840x480.png 840w\" sizes=\"(max-width: 300px) 100vw, 300px\" data-contrast=\"\" \/><\/a>\n\t\t\t<\/dt>\n\t\t\t\t<dd class='wp-caption-text gallery-caption' id='gallery-2-730994'>\n\t\t\t\tP\u00f6ytien suhteen kannattaa k\u00e4ytt\u00e4\u00e4 mielikuvitusta: neli\u00f6t ja suorakulmat eiv\u00e4t ole ainoa vaihtoehto. \u201dKun joku asettuu p\u00f6yd\u00e4n p\u00e4\u00e4h\u00e4n, h\u00e4nest\u00e4 tulee kokouksen johtaja. Haluamme kaiken olevan demokraattisempaa. Haluamme, ett\u00e4 jokaisella on mahdollisuus osallistua\u201d, Johnson sanoo. \n\t\t\t\t<\/dd><\/dl><dl class='gallery-item'>\n\t\t\t<dt class='gallery-icon landscape'>\n\t\t\t\t<a href='https:\/\/pulse.microsoft.com\/fi-fi\/work-productivity-fi-fi\/na\/fa1-hybridiaika-vaatii-toimiston-uudistamista-tyopisteista-kokoustiloihin\/9-msft_worklab_spaces_article_desktoptabletmobile_gallery_hybrid4_840x480\/'><img loading=\"lazy\" decoding=\"async\" width=\"300\" height=\"171\" src=\"\/wp-content\/uploads\/2022\/09\/9-MSFT_WorkLab_Spaces_Article_DesktopTabletMobile_Gallery_Hybrid4_840x480-300x171.png\" class=\"attachment-medium size-medium\" alt=\"\" aria-describedby=\"gallery-2-731039\" srcset=\"\/wp-content\/uploads\/2022\/09\/9-MSFT_WorkLab_Spaces_Article_DesktopTabletMobile_Gallery_Hybrid4_840x480-300x171.png 300w, \/wp-content\/uploads\/2022\/09\/9-MSFT_WorkLab_Spaces_Article_DesktopTabletMobile_Gallery_Hybrid4_840x480-768x439.png 768w, \/wp-content\/uploads\/2022\/09\/9-MSFT_WorkLab_Spaces_Article_DesktopTabletMobile_Gallery_Hybrid4_840x480.png 840w\" sizes=\"(max-width: 300px) 100vw, 300px\" data-contrast=\"\" \/><\/a>\n\t\t\t<\/dt>\n\t\t\t\t<dd class='wp-caption-text gallery-caption' id='gallery-2-731039'>\n\t\t\t\t\u201dSuuret n\u00e4yt\u00f6t ja uudet Teams Room -teko\u00e4lykamerat luovat immersiivisen kokemuksen. Henkil\u00f6 keskittyy yhteen sein\u00e4\u00e4n, mutta sen ymp\u00e4rill\u00e4 on joustavasti k\u00e4ytett\u00e4vi\u00e4 kalusteita\u201d, Messer sanoo. N\u00e4m\u00e4 sis\u00e4lt\u00f6kamerat voivat kuvata esimerkiksi, mit\u00e4 fyysiselle tussitaululle kirjoitetaan k\u00e4sin, ja v\u00e4litt\u00e4\u00e4 sen virtuaalisille osallistujille. \n\t\t\t\t<\/dd><\/dl><br style=\"clear: both\" \/>\n\t\t<\/div>\n\n<h2>Saavutettava ty\u00f6tila<\/h2>\n<p><span data-contrast=\"auto\">Samassa tilassa vietetty aika luo enemm\u00e4n mahdollisuuksia satunnaisille kohtaamisille ja hedelm\u00e4llisille keskusteluille. Rakennuksen aulojen ja monik\u00e4ytt\u00f6tilojen pit\u00e4isi olla kotoisia ja kiinnostusta her\u00e4tt\u00e4vi\u00e4. \u201dT\u00e4llaiset tilat palvelevat my\u00f6s monenlaisia ty\u00f6moodeja, kuten ep\u00e4muodollisia tapaamisia, pikaisia keskusteluja ja keskittymist\u00e4 vaativia teht\u00e4vi\u00e4. Tilojen suunnittelussa on my\u00f6s ehdottomasti panostettava esteett\u00f6myyteen ja inklusiivisuuteen\u201d, Scherer sanoo.<\/span><span data-ccp-props=\"{&quot;201341983&quot;:0,&quot;335559739&quot;:160,&quot;335559740&quot;:259}\">\u00a0<\/span><\/p>\n<p><span data-contrast=\"auto\">Esteett\u00f6myys ja saavutettavuus miellet\u00e4\u00e4n fyysisten tilojen suunnittelussa usein siten, ett\u00e4 tiloissa huomioidaan rajoittunut liikkumiskyky, kenties my\u00f6s rajoittunut n\u00e4k\u00f6- tai kuuloaisti. Osana saavutettavuutta voidaan ottaa huomioon kuitenkin my\u00f6s mielenterveyteen, neurodiversiteettiin ja yksil\u00f6llisiin ty\u00f6skentelytyyleihin liittyv\u00e4t seikat. \u201dHenkisen hyvinvoinnin huomioiminen on yleistynyt muun muassa kotona ty\u00f6skentelemisen vaikutusten ja ihmisten v\u00e4lisen vuorovaikutuksen v\u00e4henemisen vuoksi\u201d, Scherer toteaa.<\/span><span data-ccp-props=\"{&quot;201341983&quot;:0,&quot;335559739&quot;:160,&quot;335559740&quot;:259}\">\u00a0<\/span><\/p>\n<p><span data-contrast=\"auto\">\u201dHaluamme tarjota tiloja rauhoittumiseen ja omien ajatuksien kokoamiseen erilaiset kognitiiviset tarpeet ja neurodiversiteetin huomioon ottaen\u201d, Scherer sanoo. N\u00e4it\u00e4 nurkkauksia voidaan hy\u00f6dynt\u00e4\u00e4 keskittymist\u00e4 vaativaan ty\u00f6h\u00f6n tai hiljaista, henkil\u00f6kohtaista hetke\u00e4 varten.<\/span><span data-ccp-props=\"{&quot;201341983&quot;:0,&quot;335559739&quot;:160,&quot;335559740&quot;:259}\">\u00a0<\/span><\/p>\n<p><span data-contrast=\"auto\">Saavutettavuuden parantaminen hy\u00f6dytt\u00e4\u00e4 jokaista ty\u00f6ntekij\u00e4\u00e4. Automaattiovet auttavat niin henkil\u00f6it\u00e4, jotka kantavat painavia laatikoita, ovat toipumassa tapaturmasta kuin niit\u00e4, joilla on pysyv\u00e4 liikuntarajoite. S\u00e4\u00e4dett\u00e4v\u00e4t ty\u00f6p\u00f6yd\u00e4t, v\u00e4lj\u00e4sti kalustetut tilat ja matalat istuinkalusteet helpottavat py\u00f6r\u00e4tuolia k\u00e4ytt\u00e4vien mahdollisuuksia liikkua tilassa, mink\u00e4 lis\u00e4ksi ne lis\u00e4\u00e4v\u00e4t jokaisen k\u00e4ytt\u00e4j\u00e4n mukavuutta ja turvallisuutta.<\/span><span data-ccp-props=\"{&quot;201341983&quot;:0,&quot;335559739&quot;:160,&quot;335559740&quot;:259}\">\u00a0<\/span><\/p>\n<h2>Houkutteleva ty\u00f6tila<\/h2>\n<p><span data-contrast=\"auto\">Fyysisesti toimistolla vietetyn ajan tarkoituksena on tietenkin tehd\u00e4 t\u00f6it\u00e4. Lis\u00e4ksi p\u00e4iv\u00e4n aikana voidaan my\u00f6s jutustella kollegoiden kanssa, rakentaa sosiaalista p\u00e4\u00e4omaa, solmia yst\u00e4vyyssuhteita ja tehd\u00e4 jotain hauskaa yhdess\u00e4. Ty\u00f6t\u00e4 voidaan tehd\u00e4 my\u00f6s ulkotiloissa. Ulkotilat, kuten katot, parvekkeet ja sis\u00e4pihat, tarjoavat ty\u00f6ntekij\u00f6ille mahdollisuuden hetken heng\u00e4hdystaukoon raittiissa ilmassa.<\/span><span data-ccp-props=\"{&quot;201341983&quot;:0,&quot;335559739&quot;:160,&quot;335559740&quot;:259}\">\u00a0<\/span><\/p>\n<h2>Anna toimiston ilahduttaa<\/h2>\n<p><span data-contrast=\"auto\">Ty\u00f6tilat voivat olla my\u00f6s hauskoja tiloja \u2013 vaikkapa puumajoja tai joogastudioita.<\/span><span data-ccp-props=\"{&quot;201341983&quot;:0,&quot;335559739&quot;:160,&quot;335559740&quot;:259}\">\u00a0<\/span><\/p>\n<p>&nbsp;<\/p>\n\n\t\t<style type=\"text\/css\">\n\t\t\t#gallery-3 {\n\t\t\t\tmargin: auto;\n\t\t\t}\n\t\t\t#gallery-3 .gallery-item {\n\t\t\t\tfloat: left;\n\t\t\t\tmargin-top: 10px;\n\t\t\t\ttext-align: center;\n\t\t\t\twidth: 25%;\n\t\t\t}\n\t\t\t#gallery-3 img {\n\t\t\t\tborder: 2px solid #cfcfcf;\n\t\t\t}\n\t\t\t#gallery-3 .gallery-caption {\n\t\t\t\tmargin-left: 0;\n\t\t\t}\n\t\t\t\/* see gallery_shortcode() in wp-includes\/media.php *\/\n\t\t<\/style>\n\t\t<div id='gallery-3' class='gallery galleryid-730520 gallery-columns-4 gallery-size-medium'><dl class='gallery-item'>\n\t\t\t<dt class='gallery-icon landscape'>\n\t\t\t\t<a href='https:\/\/pulse.microsoft.com\/fi-fi\/work-productivity-fi-fi\/na\/fa1-hybridiaika-vaatii-toimiston-uudistamista-tyopisteista-kokoustiloihin\/10-msft_worklab_spaces_article_desktoptabletmobile_gallery_delightful1_840x480\/'><img loading=\"lazy\" decoding=\"async\" width=\"300\" height=\"171\" src=\"\/wp-content\/uploads\/2022\/09\/10-MSFT_WorkLab_Spaces_Article_DesktopTabletMobile_Gallery_Delightful1_840x480-300x171.png\" class=\"attachment-medium size-medium\" alt=\"\" aria-describedby=\"gallery-3-731084\" srcset=\"\/wp-content\/uploads\/2022\/09\/10-MSFT_WorkLab_Spaces_Article_DesktopTabletMobile_Gallery_Delightful1_840x480-300x171.png 300w, \/wp-content\/uploads\/2022\/09\/10-MSFT_WorkLab_Spaces_Article_DesktopTabletMobile_Gallery_Delightful1_840x480-768x439.png 768w, \/wp-content\/uploads\/2022\/09\/10-MSFT_WorkLab_Spaces_Article_DesktopTabletMobile_Gallery_Delightful1_840x480.png 840w\" sizes=\"(max-width: 300px) 100vw, 300px\" data-contrast=\"\" \/><\/a>\n\t\t\t<\/dt>\n\t\t\t\t<dd class='wp-caption-text gallery-caption' id='gallery-3-731084'>\n\t\t\t\tMonik\u00e4ytt\u00f6tiloissa v\u00e4lisein\u00e4t voivat auttaa muovaamaan huonetta aamupalaverien pitopaikasta\u2026 \n\t\t\t\t<\/dd><\/dl><dl class='gallery-item'>\n\t\t\t<dt class='gallery-icon landscape'>\n\t\t\t\t<a href='https:\/\/pulse.microsoft.com\/fi-fi\/work-productivity-fi-fi\/na\/fa1-hybridiaika-vaatii-toimiston-uudistamista-tyopisteista-kokoustiloihin\/11-msft_worklab_spaces_article_desktoptabletmobile_gallery_delightful2_840x480\/'><img loading=\"lazy\" decoding=\"async\" width=\"300\" height=\"171\" src=\"\/wp-content\/uploads\/2022\/09\/11-MSFT_WorkLab_Spaces_Article_DesktopTabletMobile_Gallery_Delightful2_840x480-300x171.png\" class=\"attachment-medium size-medium\" alt=\"\" aria-describedby=\"gallery-3-731129\" srcset=\"\/wp-content\/uploads\/2022\/09\/11-MSFT_WorkLab_Spaces_Article_DesktopTabletMobile_Gallery_Delightful2_840x480-300x171.png 300w, \/wp-content\/uploads\/2022\/09\/11-MSFT_WorkLab_Spaces_Article_DesktopTabletMobile_Gallery_Delightful2_840x480-768x439.png 768w, \/wp-content\/uploads\/2022\/09\/11-MSFT_WorkLab_Spaces_Article_DesktopTabletMobile_Gallery_Delightful2_840x480.png 840w\" sizes=\"(max-width: 300px) 100vw, 300px\" data-contrast=\"\" \/><\/a>\n\t\t\t<\/dt>\n\t\t\t\t<dd class='wp-caption-text gallery-caption' id='gallery-3-731129'>\n\t\t\t\t\u2026jooga- tai kuntoilutilaksi iltap\u00e4iv\u00e4\u00e4 varten. \u201dJaetuissa tiloissa ty\u00f6p\u00f6ytien v\u00e4hent\u00e4minen ei aina merkitse sit\u00e4, ett\u00e4 my\u00f6s neli\u00f6it\u00e4 v\u00e4hennett\u00e4isiin: palveluita ja mukavuuksia voidaan my\u00f6s lis\u00e4t\u00e4\u201d, Genslerin aluejohtaja Robin Klehr Avia sanoo. \n\t\t\t\t<\/dd><\/dl><dl class='gallery-item'>\n\t\t\t<dt class='gallery-icon landscape'>\n\t\t\t\t<a href='https:\/\/pulse.microsoft.com\/fi-fi\/work-productivity-fi-fi\/na\/fa1-hybridiaika-vaatii-toimiston-uudistamista-tyopisteista-kokoustiloihin\/12-msft_worklab_spaces_article_desktoptabletmobile_gallery_delightful3_840x480\/'><img loading=\"lazy\" decoding=\"async\" width=\"300\" height=\"171\" src=\"\/wp-content\/uploads\/2022\/09\/12-MSFT_WorkLab_Spaces_Article_DesktopTabletMobile_Gallery_Delightful3_840x480-300x171.png\" class=\"attachment-medium size-medium\" alt=\"\" aria-describedby=\"gallery-3-731174\" srcset=\"\/wp-content\/uploads\/2022\/09\/12-MSFT_WorkLab_Spaces_Article_DesktopTabletMobile_Gallery_Delightful3_840x480-300x171.png 300w, \/wp-content\/uploads\/2022\/09\/12-MSFT_WorkLab_Spaces_Article_DesktopTabletMobile_Gallery_Delightful3_840x480-768x439.png 768w, \/wp-content\/uploads\/2022\/09\/12-MSFT_WorkLab_Spaces_Article_DesktopTabletMobile_Gallery_Delightful3_840x480.png 840w\" sizes=\"(max-width: 300px) 100vw, 300px\" data-contrast=\"\" \/><\/a>\n\t\t\t<\/dt>\n\t\t\t\t<dd class='wp-caption-text gallery-caption' id='gallery-3-731174'>\n\t\t\t\tMicrosoft avasi muutamia vuosia sitten p\u00e4\u00e4konttorilleen kolme puumajaa.  Fordin mukaan puumajat viestiv\u00e4t ty\u00f6ntekij\u00f6ille jotakin aivan erityist\u00e4: \u201dAvointa, kasvuun t\u00e4ht\u00e4\u00e4v\u00e4\u00e4 ajattelutapaa. Olemme muuttuva yhti\u00f6, kuuntelemme ihmisi\u00e4. Ty\u00f6ntekij\u00e4mme my\u00f6s toivoivat t\u00e4t\u00e4\u201d, Ford sanoo. \n\t\t\t\t<\/dd><\/dl><dl class='gallery-item'>\n\t\t\t<dt class='gallery-icon landscape'>\n\t\t\t\t<a href='https:\/\/pulse.microsoft.com\/fi-fi\/work-productivity-fi-fi\/na\/fa1-hybridiaika-vaatii-toimiston-uudistamista-tyopisteista-kokoustiloihin\/13-msft_worklab_spaces_article_desktoptabletmobile_gallery_delightful4_840x480\/'><img loading=\"lazy\" decoding=\"async\" width=\"300\" height=\"171\" src=\"\/wp-content\/uploads\/2022\/09\/13-MSFT_WorkLab_Spaces_Article_DesktopTabletMobile_Gallery_Delightful4_840x480-300x171.png\" class=\"attachment-medium size-medium\" alt=\"\" aria-describedby=\"gallery-3-731219\" srcset=\"\/wp-content\/uploads\/2022\/09\/13-MSFT_WorkLab_Spaces_Article_DesktopTabletMobile_Gallery_Delightful4_840x480-300x171.png 300w, \/wp-content\/uploads\/2022\/09\/13-MSFT_WorkLab_Spaces_Article_DesktopTabletMobile_Gallery_Delightful4_840x480-768x439.png 768w, \/wp-content\/uploads\/2022\/09\/13-MSFT_WorkLab_Spaces_Article_DesktopTabletMobile_Gallery_Delightful4_840x480.png 840w\" sizes=\"(max-width: 300px) 100vw, 300px\" data-contrast=\"\" \/><\/a>\n\t\t\t<\/dt>\n\t\t\t\t<dd class='wp-caption-text gallery-caption' id='gallery-3-731219'>\n\t\t\t\t\u201dHybridiss\u00e4 ty\u00f6tilassa ihmisille t\u00e4ytyy tarjota paikkoja kohdata ja tehd\u00e4 yhteisty\u00f6t\u00e4. T\u00e4m\u00e4 on ty\u00f6t\u00e4, mutta my\u00f6s sosiaalista kanssak\u00e4ymist\u00e4 \u2013 ainakin enemm\u00e4n kuin entisaikoina\u201d, Klehr Avia sanoo. \n\t\t\t\t<\/dd><\/dl><br style=\"clear: both\" \/>\n\t\t<\/div>\n\n<p>&nbsp;<\/p>\n<p><span data-contrast=\"auto\">Ty\u00f6tilojen suunnittelun perimm\u00e4isen\u00e4 tavoitteena pit\u00e4isi olla ihmisten v\u00e4listen kohtaamisten mahdollistaminen sek\u00e4 joustavuuden ja valinnanvapauden lis\u00e4\u00e4minen. T\u00e4st\u00e4 syyst\u00e4 johtajien t\u00e4ytyy ymm\u00e4rt\u00e4\u00e4, keille, milloin ja millaisiin kohtaamisiin toimiston tiloja suunnitellaan. Yritysten ty\u00f6ymp\u00e4rist\u00f6t tarjosivat aikoinaan vain paikan p\u00e4\u00e4tety\u00f6skentelylle ja kokouksille, mutta k\u00e4ytt\u00e4jien odotukset ovat muuttuneet, joten tilojenkin t\u00e4ytyy kehitty\u00e4.<\/span><span data-ccp-props=\"{&quot;201341983&quot;:0,&quot;335559739&quot;:160,&quot;335559740&quot;:259}\">\u00a0<\/span><\/p>\n<p><span data-contrast=\"auto\">\u201dOlemme omaksuneet \u201dtestaa ja opi\u201d -l\u00e4hestymistavan. Sovellamme havaintojamme uusiin projekteihin ja p\u00e4ivit\u00e4mme suunnitelmiamme, jos jokin ei toimi\u201d, Messer sanoo.<\/span><span data-ccp-props=\"{&quot;201341983&quot;:0,&quot;335559739&quot;:160,&quot;335559740&quot;:259}\">\u00a0<\/span><\/p>\n<p><span data-contrast=\"auto\">Johtajien t\u00e4ytyy p\u00e4ivitt\u00e4\u00e4 ohjeistukset siit\u00e4, kuinka ty\u00f6tiloja k\u00e4ytet\u00e4\u00e4n, jotta ne voivat joustaa tarpeiden muuttuessa ja kaventaa fyysisen ja digitaalisen ymp\u00e4rist\u00f6n v\u00e4list\u00e4 kuilua. N\u00e4in tiloista tulee hy\u00f6dyllisempi\u00e4 ja houkuttelevampia kuin koskaan aiemmin.<\/span><span data-ccp-props=\"{&quot;201341983&quot;:0,&quot;335559739&quot;:160,&quot;335559740&quot;:259}\">\u00a0<\/span><\/p>\n<p><span data-ccp-props=\"{&quot;201341983&quot;:0,&quot;335559739&quot;:160,&quot;335559740&quot;:259}\">\u00a0<\/span><\/p>\n<p><span data-contrast=\"auto\">Artikkeliin haastatellut asiantuntijat:<\/span><span data-ccp-props=\"{&quot;201341983&quot;:0,&quot;335559739&quot;:160,&quot;335559740&quot;:259}\">\u00a0<\/span><\/p>\n<p><b><span data-contrast=\"auto\">Ryan Anderson<\/span><\/b><span data-contrast=\"auto\">, Herman Millerin globaali tutkimusjohtaja<\/span><br \/>\n<b><span data-contrast=\"auto\">Robin Klehr Avia<\/span><\/b><span data-contrast=\"auto\">, Genslerin aluejohtaja<\/span><br \/>\n<b><span data-contrast=\"auto\">Cherie Johnson<\/span><\/b><span data-contrast=\"auto\">, Steelcasen design-johtaja<\/span><br \/>\n<b><span data-contrast=\"auto\">Mike Messer<\/span><\/b><span data-contrast=\"auto\"> Microsoftin kiinteist\u00f6jen ja rakentamisen globaali digitaalisaatio johtaja<\/span><br \/>\n<b><span data-contrast=\"auto\">John Scherer<\/span><\/b><span data-contrast=\"auto\">, Microsoftin globaali ty\u00f6paikkastrategi<\/span><span data-ccp-props=\"{&quot;201341983&quot;:0,&quot;335559739&quot;:160,&quot;335559740&quot;:259}\">\u00a0<\/span><\/p>\n","protected":false},"excerpt":{"rendered":"<p>Nelj\u00e4 toimiston suunnitteluperiaatetta, jotka luovat tiimille lis\u00e4\u00e4 yhteist\u00e4 aikaa &nbsp; Perinteinen toimisto on pohjimmiltaan yhteisty\u00f6n ty\u00f6kalu, joka auttaa tukemaan ty\u00f6ntekoa. Monet tiimity\u00f6skentelyn ty\u00f6kalut ovat uudistuneet hybridity\u00f6n aikakaudella, joten my\u00f6s toimistoa pit\u00e4\u00e4 p\u00e4ivitt\u00e4\u00e4 vastaamaan ty\u00f6ntekij\u00f6iden uusia ja muuttuneita tarpeita.\u00a0\u00a0 Microsoft WorkLabin hybridity\u00f6oppaassa korostetaan, ett\u00e4 fyysiset ty\u00f6tilat ovat v\u00e4ltt\u00e4m\u00e4tt\u00f6mi\u00e4 tiimihengen ja yhteis\u00f6llisyyden rakentamiseksi. Ne vahvistavat siteit\u00e4 kollegoihin [&hellip;]<\/p>\n","protected":false},"author":60,"featured_media":730622,"comment_status":"closed","ping_status":"closed","sticky":false,"template":"","format":"standard","meta":{"footnotes":""},"categories":[],"class_list":["post-730520","post","type-post","status-publish","format-standard","has-post-thumbnail","hentry","specials-work-productivity-fi-fi","stories-miten-tyoskentelen-missa-tahansa","stories-working-from-everywhere-fi-fi","businessPriorities-modern-workplace-fi-fi"],"_links":{"self":[{"href":"https:\/\/pulse.microsoft.com\/fi-fi\/wp-json\/wp\/v2\/posts\/730520"}],"collection":[{"href":"https:\/\/pulse.microsoft.com\/fi-fi\/wp-json\/wp\/v2\/posts"}],"about":[{"href":"https:\/\/pulse.microsoft.com\/fi-fi\/wp-json\/wp\/v2\/types\/post"}],"author":[{"embeddable":true,"href":"https:\/\/pulse.microsoft.com\/fi-fi\/wp-json\/wp\/v2\/users\/60"}],"replies":[{"embeddable":true,"href":"https:\/\/pulse.microsoft.com\/fi-fi\/wp-json\/wp\/v2\/comments?post=730520"}],"version-history":[{"count":13,"href":"https:\/\/pulse.microsoft.com\/fi-fi\/wp-json\/wp\/v2\/posts\/730520\/revisions"}],"predecessor-version":[{"id":731396,"href":"https:\/\/pulse.microsoft.com\/fi-fi\/wp-json\/wp\/v2\/posts\/730520\/revisions\/731396"}],"wp:featuredmedia":[{"embeddable":true,"href":"https:\/\/pulse.microsoft.com\/fi-fi\/wp-json\/wp\/v2\/media\/730622"}],"wp:attachment":[{"href":"https:\/\/pulse.microsoft.com\/fi-fi\/wp-json\/wp\/v2\/media?parent=730520"}],"wp:term":[{"taxonomy":"category","embeddable":true,"href":"https:\/\/pulse.microsoft.com\/fi-fi\/wp-json\/wp\/v2\/categories?post=730520"}],"curies":[{"name":"wp","href":"https:\/\/api.w.org\/{rel}","templated":true}]}}