{"id":171597,"date":"2018-11-29T16:21:15","date_gmt":"2018-11-29T15:21:15","guid":{"rendered":"https:\/\/pulse.microsoft.com\/?p=171597"},"modified":"2021-01-25T15:28:26","modified_gmt":"2021-01-25T14:28:26","slug":"fa2-microsoft-tech-summit-una-apuesta-firme-por-las-audiencias-tecnicas","status":"publish","type":"post","link":"https:\/\/pulse.microsoft.com\/es-es\/transform-es-es\/na\/fa2-microsoft-tech-summit-una-apuesta-firme-por-las-audiencias-tecnicas\/","title":{"rendered":"Microsoft Tech Summit: Una apuesta firme por las audiencias t\u00e9cnicas"},"content":{"rendered":"<p>Como compa\u00f1\u00eda solemos marcarnos objetivos ambiciosos. Nos gustan los retos y, sobre todo, nos gusta superarnos a la vez que aprendemos.<\/p>\n<p>El jueves 22 tuvimos la oportunidad de celebrar <a href=\"https:\/\/www.microsoftevents.com\/profile\/web\/index.cfm?PKwebID=0x1026761abcd&amp;varPage=agenda\"><em>Microsoft Tech Summit<\/em><\/a> en Madrid. En un evento de estas caracter\u00edsticas, aunque los equipos trabajen de sol a sol para que todo salga a la perfecci\u00f3n, siempre existe esa peque\u00f1a \u201cinquietud pre-evento\u201d de la que no te liberas hasta que se \u201ccierra el tel\u00f3n\u201d.<\/p>\n<p>La semana pasada no fue diferente, y me gustar\u00eda parar un momento para agradecer la gran calidad de profesionales detr\u00e1s de su elaboraci\u00f3n. Profesionales t\u00e9cnicos, de marketing, comunicaci\u00f3n, audiovisuales y cada una de las diferentes disciplinas que lo han hecho realidad. Calidad de equipo que minimiza riesgos y preocupaciones porque sabes que tienes una y otra red para que todo salga a la perfecci\u00f3n.<\/p>\n<p>M\u00e1s all\u00e1 de nuestro propio equipo -del cual no puedo estar m\u00e1s orgulloso-, gran parte del \u00e9xito viene derivado de la activa participaci\u00f3n de <a href=\"https:\/\/www.microsoftevents.com\/profile\/web\/index.cfm?PKwebID=0x1026761abcd&amp;varPage=sponsors\">Partners<\/a> , <a href=\"https:\/\/mvp.microsoft.com\/\">MVPs<\/a> y Clientes que decidieron unirse y generar el contexto id\u00f3neo para aprender juntos sobre la tecnolog\u00eda que viene, pero, en gran medida, de la tecnolog\u00eda que ya est\u00e1 aqu\u00ed, aportando valor en nuestro d\u00eda a d\u00eda y que est\u00e1 para quedarse: la Inteligencia Artificial.<\/p>\n<p>En esta ocasi\u00f3n, hemos sido capaces de llamar la atenci\u00f3n y conseguir la involucraci\u00f3n de miles de profesionales de TI, l\u00edderes digitales, responsables de innovaci\u00f3n, de datos y expertos en tecnolog\u00eda de nuestro pa\u00eds. A los que pudisteis asistir, a los que no pudisteis, pero participasteis en <em>streaming<\/em> y a aquellos que lo ver\u00e9is <em>online<\/em>, \u00a1GRACIAS!<\/p>\n<p>Con los datos analizados, podemos decir que, m\u00e1s all\u00e1 de la impresi\u00f3n del d\u00eda del evento que fue muy positiva, los resultados, el <em>feedback<\/em> y los aprendizajes que nos llevamos son un regalo. Por ello, una vez m\u00e1s, \u00a1GRACIAS!<\/p>\n<p>Partners muy relevantes para nuestro negocio como <strong><a href=\"https:\/\/www.linkedin.com\/company\/crayon-group\/\">Crayon<\/a>, <a href=\"https:\/\/www.linkedin.com\/company\/equinix\/\">Equinix<\/a>, <a href=\"https:\/\/www.linkedin.com\/company\/plain-concepts\/\">Plain Concepts<\/a>, <a href=\"https:\/\/www.linkedin.com\/company\/red-hat\/\">Red Hat<\/a> y <a href=\"https:\/\/www.linkedin.com\/company\/seidor\/\">Seidor<\/a>; <a href=\"https:\/\/www.linkedin.com\/company\/arrowecsspain\/\">Arrow<\/a>, <a href=\"https:\/\/www.linkedin.com\/company\/esprinet-iberica\/\">Esprinet<\/a>, <a href=\"https:\/\/www.linkedin.com\/company\/gti-software-e-networking\/\">GTI<\/a> y <a href=\"https:\/\/www.linkedin.com\/company\/tech-data-espa\u00f1a\/\">TechData<\/a>; <a href=\"https:\/\/www.linkedin.com\/company\/capside\/\">CAPSiDE<\/a>, <a href=\"https:\/\/www.linkedin.com\/company\/intelequia-software-solutions\/\">Intelequia Software Solutions<\/a>, <a href=\"https:\/\/www.linkedin.com\/company\/quest-software\/\">Quest Software<\/a>, <a href=\"https:\/\/www.linkedin.com\/company\/techedge-espa-a-y-latam\/\">Techedge<\/a> y <a href=\"https:\/\/www.linkedin.com\/company\/veeam-software\/?ad=footer\">Veeam <\/a><\/strong>fueros activos part\u00edcipes del evento y decidieron acompa\u00f1arnos aportando su tecnolog\u00eda, plataforma y\/o experiencia.<\/p>\n<p>Contamos con m\u00e1s de 40 expertos de Microsoft Espa\u00f1a, MVPs o partners que se adentraron en tecnolog\u00edas como Cloud Computing, Inteligencia Artificial, Business Applications, Analytics, Internet of Things, Machine Learning, Realidad Mixta, Serverless, Bots o Blockchain, entre otras, as\u00ed como en el trabajo de Microsoft en plataformas abiertas.<\/p>\n<p>Adem\u00e1s de contar con la Keynote de <a href=\"https:\/\/www.linkedin.com\/in\/pilopez\">Pilar L\u00f3pez<\/a> -que habl\u00f3 de la grand\u00edsima oportunidad que la Inteligencia Artificial nos ofrece, as\u00ed como la necesidad de que las organizaciones la aborden siguiendo los principios de privacidad, seguridad, equidad, inclusi\u00f3n, transparencia y responsabilidad-, tuvimos la oportunidad de escuchar a <a href=\"https:\/\/es.linkedin.com\/in\/jcanadas\">Juli\u00e1n Ca\u00f1adas<\/a>-, Country Lead de Adobe Espa\u00f1a-, y <a href=\"https:\/\/www.linkedin.com\/in\/rafaelbrugnini\/\">Rafael Brugnini<\/a> -General Manager de SAP Espa\u00f1a-, que dieron sus puntos de vista sobre la <a href=\"https:\/\/news.microsoft.com\/es-xl\/adobe-microsoft-y-sap-anuncian-la-iniciativa-open-data-para-impulsar-una-nueva-generacion-de-experiencias-de-cliente\/\">Open Data Initiative<\/a>, la alianza de <a href=\"https:\/\/www.linkedin.com\/company\/microsoft\/\">Microsoft<\/a>, <a href=\"https:\/\/www.linkedin.com\/company\/adobe\/\">Adobe<\/a> y <a href=\"https:\/\/www.linkedin.com\/company\/sap\/\">SAP<\/a> para crear una plataforma de datos com\u00fan que permita mejorar la experiencia de cliente. Sin duda, muy relevante y algo que s\u00f3lo es el principio de una iniciativa mucho mayor.<\/p>\n<p>Contamos con los \u201cDavides\u201d &#8211; <a href=\"https:\/\/www.linkedin.com\/in\/david-suz-8591b88\/\">David Suz<\/a>\u00a0 y <a href=\"https:\/\/www.linkedin.com\/in\/davidhurtadotoran\/\">David Hurtado<\/a> &#8211; que nos pasearon de manera magistral por el mundo de los Datos, del IoT, de los contenedores, Realidad Mixta y -\u00bfc\u00f3mo no?- la IA, entre otros.<\/p>\n<p>Adem\u00e1s, <a href=\"https:\/\/www.linkedin.com\/in\/efpuertas\/\">Enrique Fern\u00e1ndez Puertas <\/a>&#8211; Director de Digitalizaci\u00f3n de Repsol -, <a href=\"https:\/\/www.linkedin.com\/in\/minervasantanaprojectdirector\/\">Minerva Santana<\/a> &#8211; Directora de Innovaci\u00f3n y Desarrollo Global de LaLiga -, y <a href=\"https:\/\/www.linkedin.com\/in\/sergio-garc\u00eda-cebolla\/\">Sergio Garc\u00eda Cebolla<\/a> &#8211; Chief Information Officer de AENOR -, compartieron las experiencias de sus organizaciones en el desarrollo de proyectos de transformaci\u00f3n digital basados en la adopci\u00f3n de tecnolog\u00edas avanzadas en las \u00e1reas de cloud computing, machine learning y servicios cognitivos.<\/p>\n<p>Uno de los elementos cr\u00edticos para la comunidad t\u00e9cnica es la necesidad de estar siempre al d\u00eda y tener acceso a recursos de valor para su formaci\u00f3n continua. Por ello, durante el Tech Summit, anunciamos <a href=\"https:\/\/docs.microsoft.com\/es-es\/learn\/\">Microsoft Learn<\/a>, la plataforma de formaci\u00f3n online interactiva y gratuita de Microsoft para profesionales T\u00e9cnicos, que cuenta ya con m\u00e1s de cien cursos disponibles y que permite a cada profesional avanzar a su ritmo y dominar las <a href=\"https:\/\/www.microsoft.com\/learning\/certification-overview.aspx\">certificaciones de Microsoft<\/a>. Esperamos seguir dando que hablar en los pr\u00f3ximos meses, esperamos seguir contribuyendo con valor para ti.<\/p>\n","protected":false},"excerpt":{"rendered":"<p>Como compa\u00f1\u00eda solemos marcarnos objetivos ambiciosos. Nos gustan los retos y, sobre todo, nos gusta superarnos a la vez que aprendemos. El jueves 22 tuvimos la oportunidad de celebrar Microsoft Tech Summit en Madrid. En un evento de estas caracter\u00edsticas, aunque los equipos trabajen de sol a sol para que todo salga a la perfecci\u00f3n, [&hellip;]<\/p>\n","protected":false},"author":73,"featured_media":171912,"comment_status":"closed","ping_status":"closed","sticky":false,"template":"","format":"standard","meta":{"footnotes":""},"categories":[],"class_list":["post-171597","post","type-post","status-publish","format-standard","has-post-thumbnail","hentry","specials-transform-es-es","stories-que-puedo-hacer-para-que-mi-empresa-sea-mas-innovadora","stories-innovation-es-es","businessPriorities-digital-transformation-es-es"],"_links":{"self":[{"href":"https:\/\/pulse.microsoft.com\/es-es\/wp-json\/wp\/v2\/posts\/171597"}],"collection":[{"href":"https:\/\/pulse.microsoft.com\/es-es\/wp-json\/wp\/v2\/posts"}],"about":[{"href":"https:\/\/pulse.microsoft.com\/es-es\/wp-json\/wp\/v2\/types\/post"}],"author":[{"embeddable":true,"href":"https:\/\/pulse.microsoft.com\/es-es\/wp-json\/wp\/v2\/users\/73"}],"replies":[{"embeddable":true,"href":"https:\/\/pulse.microsoft.com\/es-es\/wp-json\/wp\/v2\/comments?post=171597"}],"version-history":[{"count":7,"href":"https:\/\/pulse.microsoft.com\/es-es\/wp-json\/wp\/v2\/posts\/171597\/revisions"}],"predecessor-version":[{"id":431144,"href":"https:\/\/pulse.microsoft.com\/es-es\/wp-json\/wp\/v2\/posts\/171597\/revisions\/431144"}],"wp:featuredmedia":[{"embeddable":true,"href":"https:\/\/pulse.microsoft.com\/es-es\/wp-json\/wp\/v2\/media\/171912"}],"wp:attachment":[{"href":"https:\/\/pulse.microsoft.com\/es-es\/wp-json\/wp\/v2\/media?parent=171597"}],"wp:term":[{"taxonomy":"category","embeddable":true,"href":"https:\/\/pulse.microsoft.com\/es-es\/wp-json\/wp\/v2\/categories?post=171597"}],"curies":[{"name":"wp","href":"https:\/\/api.w.org\/{rel}","templated":true}]}}