{"id":765268,"date":"2022-12-09T12:11:26","date_gmt":"2022-12-09T11:11:26","guid":{"rendered":"https:\/\/pulse.microsoft.com\/?p=765268"},"modified":"2022-12-14T13:04:06","modified_gmt":"2022-12-14T12:04:06","slug":"fa2-laege-og-ivaerksaetter-opbygning-af-kompetencer-er-afgoerende-for-at-vi-kan-udvikle-loesninger-der-skaber-reelle-forandringer","status":"publish","type":"post","link":"https:\/\/pulse.microsoft.com\/da-dk\/transform-da-dk\/na\/fa2-laege-og-ivaerksaetter-opbygning-af-kompetencer-er-afgoerende-for-at-vi-kan-udvikle-loesninger-der-skaber-reelle-forandringer\/","title":{"rendered":"L\u00e6ge og iv\u00e6rks\u00e6tter: \u201cOpbygning af kompetencer er afg\u00f8rende for, at vi kan udvikle l\u00f8sninger, der skaber reelle forandringer\u201d\u00a0"},"content":{"rendered":"<h2>I en f\u00f8jleton om fremtidens murstensl\u00f8se hospital har vi talt med fem repr\u00e6sentanter fra sundhedssektoren, som giver hver deres perspektiv p\u00e5 fremtidens hospital og dets rolle i sundhedsv\u00e6senet. L\u00e6ge og iv\u00e6rks\u00e6tter Martin Vesterby ser kompetenceopbygning som en altafg\u00f8rende foruds\u00e6tning.<\/h2>\n<p>Hvordan ser fremtiden for det murstensl\u00f8se hospital ud og hvor stort er potentialet? Det var det grundl\u00e6ggende sp\u00f8rgsm\u00e5l, som blev stillet til to arrangementer, der blev afholdt hos Microsoft i Kongens Lyngby den 23. november og i \u00c5rhus den 30. november. Mere end 50 repr\u00e6sentanter fra hele sundhedsv\u00e6senet diskuterede og blev klogere p\u00e5 hospitalernes rolle i fremtiden.<\/p>\n<p>Vi har efterf\u00f8lgende talt med fem af deltagerne med hver deres perspektiv p\u00e5 det murstensl\u00f8se hospital. Tidligere har vi m\u00f8dt vicedirekt\u00f8r Kirsten Wisborg, digitaliseringschef Christian Koerner, og sygehusdirekt\u00f8r Ricco Norman Dyhr. I denne artikel giver Martin Vesterby, der arbejder med Health Tech Adoption ved Health Tech Hub Copenhagen sit bud p\u00e5, hvad der skal til for at skabe forandring i sundhedsv\u00e6senet og hvorfor vi skal t\u00e6nke globalt fremfor lokalt i de l\u00f8sninger, der udvikles.<\/p>\n<h2>Vi skal ud over kommune- og landegr\u00e6nser med l\u00f8sninger<\/h2>\n<p>Martin Vesterby er uddannet l\u00e6ge, har del i flere start-ups, og har i hele sin karriere besk\u00e6ftiget sig med teknologi og sundhed. Martin Vesterby var en af opl\u00e6gsholderne til arrangementerne.<\/p>\n<p><em><strong>Hvad var dine vigtigste pointer i dit opl\u00e6g?<\/strong> <\/em><\/p>\n<p>\u201dVi skal satse p\u00e5 l\u00f8sninger, hvor datagrundlaget viser, at der er et stort behov. Og s\u00e5 skal vi s\u00f8rge for at opbygge vores kompetencer som sundhedsprofessionelle, s\u00e5 vi bliver i stand til at bidrage til og l\u00f8fte tv\u00e6rfaglige innovationsprojekter. Vi ved, at de projekter, hvor sundhedsfaglige er med, skaber de st\u00f8rste forandringer. Derfor er netop det ret vigtigt.\u201d<\/p>\n<p><em><strong>Hvordan h\u00e6nger det sammen med det murstensl\u00f8se hospital?\u00a0<\/strong> <\/em><\/p>\n<p>\u201dDet murstensl\u00f8se hospital handler i bund og grund om at n\u00e5 ud til patienten. Det kan v\u00e6re med behandling, men det kan i h\u00f8j grad ogs\u00e5 v\u00e6re forebyggelse af sygdom. Teknologi og digitale l\u00f8sninger spiller i en vigtig rolle her, men l\u00f8sningerne skal jo udvikles, og det kr\u00e6ver, at vi har nogle mennesker i sundhedsv\u00e6senet, som t\u00f8r g\u00e5 forrest og drive udviklingen og innovationen fremad. I mine \u00f8jne st\u00e5r vi med en unik mulighed i Danmark for at s\u00e6tte standarden globalt for det digitale sundhedsomr\u00e5de og den mulighed forpligter, ikke mindst fordi Danmark er et rigt og veldrevet land. Vi skal med andre ord ud over kommune- og landegr\u00e6nser med de l\u00f8sninger vi udvikler\u201d<\/p>\n<p><em><strong>Hvad tager du med fra arrangement?<\/strong> <\/em><\/p>\n<p>\u201dDer var stor \u00e6rlighed i paneldebatten, og folk var konstruktive om udfordringerne og de behov sundhedsv\u00e6senet har. Det lover godt for fremtiden, synes jeg.\u201d<\/p>\n<p>&nbsp;<\/p>\n<p>L\u00e6s de andre perspektiver med:<\/p>\n<p><a href=\"https:\/\/pulse.microsoft.com\/da-dk\/transform-da-dk\/na\/fa2-laegefaglig-vicedirektoer-vi-er-noedt-til-at-taenke-i-effektivisering-og-digitalisering\/\">L\u00e6gefaglig vicedirekt\u00f8r p\u00e5 Bispebjerg og Frederiksberg Hospital, Kirsten Wisborg<\/a><\/p>\n<p><a href=\"https:\/\/pulse.microsoft.com\/da-dk\/transform-da-dk\/na\/fa2-digitaliseringschef-vi-gaar-vaek-fra-tanken-om-at-hospitalet-skal-have-en-bestemt-form\/\">Digitaliseringschef p\u00e5 Rigshospitalet, Christian Koerner<\/a><\/p>\n<p><a href=\"https:\/\/pulse.microsoft.com\/da-dk\/transform-da-dk\/na\/fa2-sygehusdirektoer-et-kaempe-potentiale-i-det-murstensloese-hospital\/\">Sygehusdirekt\u00f8r i Nyk\u00f8bing Falster Sygehus, Ricco Norman Dyhr<\/a><\/p>\n","protected":false},"excerpt":{"rendered":"<p>I en f\u00f8jleton om fremtidens murstensl\u00f8se hospital har vi talt med fem repr\u00e6sentanter fra sundhedssektoren, som giver hver deres perspektiv p\u00e5 fremtidens hospital og dets rolle i sundhedsv\u00e6senet. L\u00e6ge og iv\u00e6rks\u00e6tter Martin Vesterby ser kompetenceopbygning som en altafg\u00f8rende foruds\u00e6tning. Hvordan ser fremtiden for det murstensl\u00f8se hospital ud og hvor stort er potentialet? Det var det [&hellip;]<\/p>\n","protected":false},"author":473,"featured_media":765275,"comment_status":"closed","ping_status":"closed","sticky":false,"template":"","format":"standard","meta":{"footnotes":""},"categories":[1902],"class_list":["post-765268","post","type-post","status-publish","format-standard","has-post-thumbnail","hentry","category-digital-transformation-da-dk","specials-transform-da-dk","stories-hvordan-gor-jeg-virksomheden-mere-innovativ","stories-innovation-da-dk","businessPriorities-digital-transformation-da-dk"],"_links":{"self":[{"href":"https:\/\/pulse.microsoft.com\/da-dk\/wp-json\/wp\/v2\/posts\/765268"}],"collection":[{"href":"https:\/\/pulse.microsoft.com\/da-dk\/wp-json\/wp\/v2\/posts"}],"about":[{"href":"https:\/\/pulse.microsoft.com\/da-dk\/wp-json\/wp\/v2\/types\/post"}],"author":[{"embeddable":true,"href":"https:\/\/pulse.microsoft.com\/da-dk\/wp-json\/wp\/v2\/users\/473"}],"replies":[{"embeddable":true,"href":"https:\/\/pulse.microsoft.com\/da-dk\/wp-json\/wp\/v2\/comments?post=765268"}],"version-history":[{"count":6,"href":"https:\/\/pulse.microsoft.com\/da-dk\/wp-json\/wp\/v2\/posts\/765268\/revisions"}],"predecessor-version":[{"id":768308,"href":"https:\/\/pulse.microsoft.com\/da-dk\/wp-json\/wp\/v2\/posts\/765268\/revisions\/768308"}],"wp:featuredmedia":[{"embeddable":true,"href":"https:\/\/pulse.microsoft.com\/da-dk\/wp-json\/wp\/v2\/media\/765275"}],"wp:attachment":[{"href":"https:\/\/pulse.microsoft.com\/da-dk\/wp-json\/wp\/v2\/media?parent=765268"}],"wp:term":[{"taxonomy":"category","embeddable":true,"href":"https:\/\/pulse.microsoft.com\/da-dk\/wp-json\/wp\/v2\/categories?post=765268"}],"curies":[{"name":"wp","href":"https:\/\/api.w.org\/{rel}","templated":true}]}}