{"id":347028,"date":"2020-06-17T11:46:10","date_gmt":"2020-06-17T10:46:10","guid":{"rendered":"https:\/\/pulse.microsoft.com\/?p=347028"},"modified":"2020-06-24T09:08:10","modified_gmt":"2020-06-24T08:08:10","slug":"fa1-vi-skal-groennere-ud-af-krisen-end-vi-kom-ind","status":"publish","type":"post","link":"https:\/\/pulse.microsoft.com\/da-dk\/work-productivity-da-dk\/na\/fa1-vi-skal-groennere-ud-af-krisen-end-vi-kom-ind\/","title":{"rendered":"Vi skal gr\u00f8nnere ud af krisen, end vi kom ind"},"content":{"rendered":"<p><strong>Flere gange i historien er CO<sub>2<\/sub>-niveauet faldet kortvarigt i forbindelse med chok og kriser. Sidst s\u00e5 vi det under finanskrisen, som kulminerede i 2009. Desv\u00e6rre forst\u00e6rkes vanlig adf\u00e6rd ofte efter en krise. I 2009 faldt verdens samlede udledning af CO<sub>2<\/sub> med 1,9 procent blot for igen at stige med 5,9 procent i 2010. Det fremg\u00e5r af tidsskriftet Nature Climate Change. Lad os l\u00e6re af erfaringerne og komme gr\u00f8nnere ud af den nuv\u00e6rende situation, end vi gik ind.<\/strong><\/p>\n<p>Den nuv\u00e6rende situation har vist os, hvor stor en opgave vi st\u00e5r overfor for at bremse klimaforandringerne. If\u00f8lge Brian Vad Mathisen, der er professor i energiplanl\u00e6gning fra Aalborg Universitet, skal vi reducere CO<sub>2<\/sub> i en skala, der svarer til en corona-krise hvert eneste \u00e5r frem mod 2030, hvis vi skal n\u00e5 m\u00e5let om 70 procent reduktion i 2030. Naturligvis kan vi ikke s\u00e6tte samfundet i st\u00e5 hvert \u00e5r for at opn\u00e5 2030-m\u00e5let. S\u00e5 hvad skal vi g\u00f8re?<\/p>\n<p><strong>Gode eksempler fra hele verden<\/strong><\/p>\n<p>Der synes at v\u00e6re grund til optimisme og h\u00e5b om, at denne gang bliver det anderledes. Over hele verden er der eksempler p\u00e5, hvordan lande, byer og virksomheder udnytter den nuv\u00e6rende situation til strukturelt at gent\u00e6nke, hvordan vi kan s\u00e6tte skub i den b\u00e6redygtige udvikling. Det til trods for, at mange lande stadig bek\u00e6mper corona-virussen. En r\u00e6kke borgmestre i nogle af verdens st\u00f8rste byer er f.eks. g\u00e5et sammen i den s\u00e5kaldte C40-gruppe. Tilsammen repr\u00e6senterer gruppen mere end 750 mio. mennesker, og byer som Mexico City og Milano har allerede annonceret hundredevis af kilometer nye cykelstier. New York og Seattle planl\u00e6gger at udvide fodg\u00e6ngerzonerne og reducere gennemg\u00e5ende trafik i byerne.<\/p>\n<p>I Danmark har vi ogs\u00e5 set fantastiske eksempler p\u00e5, hvordan s\u00e5vel politikere som virksomheder fortsat presser p\u00e5 for at skabe et b\u00e6redygtigt samfund. To nye energi-\u00f8er der tilsammen kan levere 4 GW havvind \u2013 eller mere end dobbelt s\u00e5 meget som de vindm\u00f8ller, der er opf\u00f8rt i dag \u2013 er blevet pr\u00e6senteret af regeringen som led i en samlet klimaplan. Udbygningen p\u00e5 4 GW svarer til mere end alle danske hustandes \u00e5rlige forbrug. Samtidig har nogle af dansk erhvervslivs st\u00e6rke spillere, som f.eks. M\u00e6rsk, \u00d8rsted, DSV, SAS og K\u00f8benhavns lufthavn indg\u00e5et en alliance om at opf\u00f8re en enorm brintfabrik, der kan forsyne lastbiler, fly og skibe med flydende b\u00e6redygtigt br\u00e6ndstof. Projektet har potentiale til at kunne erstatte 30 procent af de fossile br\u00e6ndstoffer, der bruges i K\u00f8benhavns lufthavn. Danmark bidrager i den grad ogs\u00e5 til den gr\u00f8nne genstart.<\/p>\n<p><strong>Teknologi er n\u00f8glen til fremtiden<\/strong><\/p>\n<p>Meget tyder p\u00e5, at den gr\u00f8nne genstart ogs\u00e5 bliver en digital genstart. I EU\u2019s hj\u00e6lpepakke st\u00e5r teknologier som 5G, AI, cloud og cybersecurity til at f\u00e5 del i den hj\u00e6lpepakke p\u00e5 750 mia. euro, som skal kickstarte \u00f8konomien og sikre et gr\u00f8nnere og h\u00f8jteknologisk Europa. Investeringer i disse teknologier er n\u00f8glen til Europas fremtid, skriver Europakommissionen, der har den b\u00e6redygtige gen\u00e5bning \u00f8verst p\u00e5 agendaen. Vicepr\u00e6sidenten i Europakommissionen, Frans Timmermans, har erkl\u00e6ret, at alle investeringer, der bruges til at genopbygge virksomheder, skal m\u00e5lrettes dem, som hj\u00e6lper med at reducere CO<sub>2<\/sub> eller fremmer digitalisering. I Frankrig betinges hj\u00e6lpepakker til Air France af en gr\u00f8n omstilling og krav om CO<sub>2<\/sub>-reduktioner.<\/p>\n<p>I Microsoft er vi enige i, at der b\u00f8r s\u00e6ttes endnu mere skub i at digitalisere samfundet, s\u00e5 der kan skabes endnu flere gr\u00f8nne l\u00f8sninger, der hj\u00e6lper med at n\u00e5 m\u00e5let i 2030. Teknologier som kunstig intelligens, machine learning, IoT og big data bliver vigtige v\u00e6rkt\u00f8jer i den gr\u00f8nne transformation, og teknologierne b\u00f8r udnyttes fuldt ud. Heldigvis har vi gode foruds\u00e6tninger for det i Danmark, der selv f\u00f8r corona-krisen havde en st\u00e6rk position, n\u00e5r det kommer til at anvende og investere i f.eks. kunstig intelligens. If\u00f8lge en rapport, som EY udarbejdede for Microsoft, er danske virksomheder kommet l\u00e6ngere med deres brug af kunstig intelligens end andre europ\u00e6iske lande. Og de danske virksomheder anvender teknologien til flere processer samt p\u00e5 et h\u00f8jere og mere avanceret niveau end de omkringliggende lande.<\/p>\n<p>Vi har alts\u00e5 b\u00e5de viljen, evnerne og teknologien til at bruge den nuv\u00e6rende krise til at genskabe samfundet b\u00e6redygtigt og til at skabe den forandring, som er n\u00f8dvendig.<\/p>\n","protected":false},"excerpt":{"rendered":"<p>Flere gange i historien er CO2-niveauet faldet kortvarigt i forbindelse med chok og kriser. Sidst s\u00e5 vi det under finanskrisen, som kulminerede i 2009. Desv\u00e6rre forst\u00e6rkes vanlig adf\u00e6rd ofte efter en krise. I 2009 faldt verdens samlede udledning af CO2 med 1,9 procent blot for igen at stige med 5,9 procent i 2010. Det fremg\u00e5r [&hellip;]<\/p>\n","protected":false},"author":473,"featured_media":347043,"comment_status":"closed","ping_status":"closed","sticky":false,"template":"","format":"standard","meta":{"footnotes":""},"categories":[],"class_list":["post-347028","post","type-post","status-publish","format-standard","has-post-thumbnail","hentry","specials-work-productivity-da-dk","stories-digital-culture-da-dk","stories-hvordan-skaber-jeg-fremtidens-kontor","businessPriorities-digital-transformation-da-dk"],"_links":{"self":[{"href":"https:\/\/pulse.microsoft.com\/da-dk\/wp-json\/wp\/v2\/posts\/347028"}],"collection":[{"href":"https:\/\/pulse.microsoft.com\/da-dk\/wp-json\/wp\/v2\/posts"}],"about":[{"href":"https:\/\/pulse.microsoft.com\/da-dk\/wp-json\/wp\/v2\/types\/post"}],"author":[{"embeddable":true,"href":"https:\/\/pulse.microsoft.com\/da-dk\/wp-json\/wp\/v2\/users\/473"}],"replies":[{"embeddable":true,"href":"https:\/\/pulse.microsoft.com\/da-dk\/wp-json\/wp\/v2\/comments?post=347028"}],"version-history":[{"count":3,"href":"https:\/\/pulse.microsoft.com\/da-dk\/wp-json\/wp\/v2\/posts\/347028\/revisions"}],"predecessor-version":[{"id":347040,"href":"https:\/\/pulse.microsoft.com\/da-dk\/wp-json\/wp\/v2\/posts\/347028\/revisions\/347040"}],"wp:featuredmedia":[{"embeddable":true,"href":"https:\/\/pulse.microsoft.com\/da-dk\/wp-json\/wp\/v2\/media\/347043"}],"wp:attachment":[{"href":"https:\/\/pulse.microsoft.com\/da-dk\/wp-json\/wp\/v2\/media?parent=347028"}],"wp:term":[{"taxonomy":"category","embeddable":true,"href":"https:\/\/pulse.microsoft.com\/da-dk\/wp-json\/wp\/v2\/categories?post=347028"}],"curies":[{"name":"wp","href":"https:\/\/api.w.org\/{rel}","templated":true}]}}